{"id":1171,"date":"2024-07-07T20:10:00","date_gmt":"2024-07-07T18:10:00","guid":{"rendered":"https:\/\/orgueil82.jvillain.fr\/?p=1171"},"modified":"2026-03-15T10:05:09","modified_gmt":"2026-03-15T09:05:09","slug":"7-juillet-2024-elections-legislatives-2024-2e-tour-bureau-de-vote-dorgueil","status":"publish","type":"post","link":"https:\/\/orgueil82.jvillain.fr\/?p=1171","title":{"rendered":"7 juillet 2024 &#8211; \u00c9lections l\u00e9gislatives 2024 2e tour, bureau de vote d&rsquo;Orgueil"},"content":{"rendered":"\n<p>Le bureau de vote d&rsquo;Orgueil a ferm\u00e9 \u00e0 18h00, voici les r\u00e9sultats du scrutin<\/p>\n\n\n\n<figure class=\"wp-block-table\"><table><tbody><tr><td>Nombres inscrits<\/td><td>1268<\/td><td><\/td><td><\/td><td><\/td><td><\/td><td><\/td><td><\/td><\/tr><tr><td>votants<\/td><td>870<\/td><td>68,61%<\/td><td><\/td><td><\/td><td><\/td><td><\/td><td><\/td><\/tr><tr><td>Blancs ou nuls<\/td><td>80<\/td><td>6,31%<\/td><td><\/td><td>vides\/blancs<\/td><td>61<\/td><td>Nuls<\/td><td>19<\/td><\/tr><tr><td>Exprim\u00e9s<\/td><td>790<\/td><td>62,30%<\/td><td><\/td><td><\/td><td><\/td><td><\/td><td><\/td><\/tr><tr><td>Abstention<\/td><td>398<\/td><td>31,39%<\/td><td><\/td><td><\/td><td><\/td><td><\/td><td><\/td><\/tr><tr><td><\/td><td><\/td><td><\/td><td><\/td><td><\/td><td><\/td><td><\/td><td><\/td><\/tr><tr><td><\/td><td><\/td><td><\/td><td><\/td><td><\/td><td><\/td><td><\/td><td><\/td><\/tr><tr><td>Candidats<\/td><td>Suffrages<\/td><td>% exprim\u00e9s<\/td><td>% votants<\/td><td><\/td><td>Rang<\/td><td><\/td><td><\/td><\/tr><tr><td>Mme Claudie CHRETIEN<\/td><td>279<\/td><td>35,32%<\/td><td>32,069%<\/td><td>UG<\/td><td>2<\/td><td><\/td><td><\/td><\/tr><tr><td>Mme Marine HAMELET<\/td><td>511<\/td><td>64,68%<\/td><td>58,736%<\/td><td>RN<\/td><td>1<\/td><td><\/td><td><\/td><\/tr><tr><td><\/td><td>790<\/td><\/tr><\/tbody><\/table><\/figure>\n","protected":false},"excerpt":{"rendered":"<p>Le bureau de vote d&rsquo;Orgueil a ferm\u00e9 \u00e0 18h00, voici les r\u00e9sultats du scrutin Nombres inscrits 1268 votants 870 68,61% Blancs ou nuls 80 6,31% vides\/blancs 61 Nuls 19 Exprim\u00e9s 790 62,30% Abstention 398 31,39% Candidats Suffrages % exprim\u00e9s % votants Rang Mme Claudie CHRETIEN 279 35,32% 32,069% UG 2 Mme Marine HAMELET 511 64,68% &#8230; <a title=\"7 juillet 2024 &#8211; \u00c9lections l\u00e9gislatives 2024 2e tour, bureau de vote d&rsquo;Orgueil\" class=\"read-more\" href=\"https:\/\/orgueil82.jvillain.fr\/?p=1171\" aria-label=\"En savoir plus sur 7 juillet 2024 &#8211; \u00c9lections l\u00e9gislatives 2024 2e tour, bureau de vote d&rsquo;Orgueil\">Lire la suite<\/a><\/p>\n","protected":false},"author":1,"featured_media":0,"comment_status":"closed","ping_status":"closed","sticky":false,"template":"","format":"standard","meta":{"_eb_attr":"","pgc_sgb_lightbox_settings":"","footnotes":""},"categories":[20,22],"tags":[],"class_list":["post-1171","post","type-post","status-publish","format-standard","hentry","category-elections","category-orgueil"],"yoast_head":"<!-- This site is optimized with the Yoast SEO plugin v27.5 - https:\/\/yoast.com\/product\/yoast-seo-wordpress\/ -->\n<title>7 juillet 2024 - \u00c9lections l\u00e9gislatives 2024 2e tour, bureau de vote d&#039;Orgueil - Histoire et historique du village d&#039;Orgueil<\/title>\n<meta name=\"robots\" content=\"index, follow, max-snippet:-1, max-image-preview:large, max-video-preview:-1\" \/>\n<link rel=\"canonical\" href=\"https:\/\/orgueil82.jvillain.fr\/?p=1171\" \/>\n<meta property=\"og:locale\" content=\"fr_FR\" \/>\n<meta property=\"og:type\" content=\"article\" \/>\n<meta property=\"og:title\" content=\"7 juillet 2024 - \u00c9lections l\u00e9gislatives 2024 2e tour, bureau de vote d&#039;Orgueil - Histoire et historique du village d&#039;Orgueil\" \/>\n<meta property=\"og:description\" content=\"Le bureau de vote d&rsquo;Orgueil a ferm\u00e9 \u00e0 18h00, voici les r\u00e9sultats du scrutin Nombres inscrits 1268 votants 870 68,61% Blancs ou nuls 80 6,31% vides\/blancs 61 Nuls 19 Exprim\u00e9s 790 62,30% Abstention 398 31,39% Candidats Suffrages % exprim\u00e9s % votants Rang Mme Claudie CHRETIEN 279 35,32% 32,069% UG 2 Mme Marine HAMELET 511 64,68% ... Lire la suite\" \/>\n<meta property=\"og:url\" content=\"https:\/\/orgueil82.jvillain.fr\/?p=1171\" \/>\n<meta property=\"og:site_name\" content=\"Histoire et historique du village d&#039;Orgueil\" \/>\n<meta property=\"article:published_time\" content=\"2024-07-07T18:10:00+00:00\" \/>\n<meta property=\"article:modified_time\" content=\"2026-03-15T09:05:09+00:00\" \/>\n<meta name=\"author\" content=\"adminhisto\" \/>\n<meta name=\"twitter:card\" content=\"summary_large_image\" \/>\n<meta name=\"twitter:label1\" content=\"\u00c9crit par\" \/>\n\t<meta name=\"twitter:data1\" content=\"adminhisto\" \/>\n\t<meta name=\"twitter:label2\" content=\"Dur\u00e9e de lecture estim\u00e9e\" \/>\n\t<meta name=\"twitter:data2\" content=\"1 minute\" \/>\n<script type=\"application\/ld+json\" class=\"yoast-schema-graph\">{\"@context\":\"https:\\\/\\\/schema.org\",\"@graph\":[{\"@type\":\"Article\",\"@id\":\"https:\\\/\\\/orgueil82.jvillain.fr\\\/?p=1171#article\",\"isPartOf\":{\"@id\":\"https:\\\/\\\/orgueil82.jvillain.fr\\\/?p=1171\"},\"author\":{\"name\":\"adminhisto\",\"@id\":\"https:\\\/\\\/orgueil82.jvillain.fr\\\/#\\\/schema\\\/person\\\/53b110b4feb20f9ca1e2fd24833b0d2c\"},\"headline\":\"7 juillet 2024 &#8211; \u00c9lections l\u00e9gislatives 2024 2e tour, bureau de vote d&rsquo;Orgueil\",\"datePublished\":\"2024-07-07T18:10:00+00:00\",\"dateModified\":\"2026-03-15T09:05:09+00:00\",\"mainEntityOfPage\":{\"@id\":\"https:\\\/\\\/orgueil82.jvillain.fr\\\/?p=1171\"},\"wordCount\":53,\"publisher\":{\"@id\":\"https:\\\/\\\/orgueil82.jvillain.fr\\\/#organization\"},\"articleSection\":[\"\u00c9lections\",\"Orgueil\"],\"inLanguage\":\"fr-FR\"},{\"@type\":\"WebPage\",\"@id\":\"https:\\\/\\\/orgueil82.jvillain.fr\\\/?p=1171\",\"url\":\"https:\\\/\\\/orgueil82.jvillain.fr\\\/?p=1171\",\"name\":\"7 juillet 2024 - \u00c9lections l\u00e9gislatives 2024 2e tour, bureau de vote d'Orgueil - Histoire et historique du village d&#039;Orgueil\",\"isPartOf\":{\"@id\":\"https:\\\/\\\/orgueil82.jvillain.fr\\\/#website\"},\"datePublished\":\"2024-07-07T18:10:00+00:00\",\"dateModified\":\"2026-03-15T09:05:09+00:00\",\"breadcrumb\":{\"@id\":\"https:\\\/\\\/orgueil82.jvillain.fr\\\/?p=1171#breadcrumb\"},\"inLanguage\":\"fr-FR\",\"potentialAction\":[{\"@type\":\"ReadAction\",\"target\":[\"https:\\\/\\\/orgueil82.jvillain.fr\\\/?p=1171\"]}]},{\"@type\":\"BreadcrumbList\",\"@id\":\"https:\\\/\\\/orgueil82.jvillain.fr\\\/?p=1171#breadcrumb\",\"itemListElement\":[{\"@type\":\"ListItem\",\"position\":1,\"name\":\"Home\",\"item\":\"https:\\\/\\\/orgueil82.jvillain.fr\\\/\"},{\"@type\":\"ListItem\",\"position\":2,\"name\":\"7 juillet 2024 &#8211; \u00c9lections l\u00e9gislatives 2024 2e tour, bureau de vote d&rsquo;Orgueil\"}]},{\"@type\":\"WebSite\",\"@id\":\"https:\\\/\\\/orgueil82.jvillain.fr\\\/#website\",\"url\":\"https:\\\/\\\/orgueil82.jvillain.fr\\\/\",\"name\":\"Histoire et historique du village d'Orgueil\",\"description\":\"Vivre \u00e0 Orgueil - Tarn-et-Garonne\",\"publisher\":{\"@id\":\"https:\\\/\\\/orgueil82.jvillain.fr\\\/#organization\"},\"potentialAction\":[{\"@type\":\"SearchAction\",\"target\":{\"@type\":\"EntryPoint\",\"urlTemplate\":\"https:\\\/\\\/orgueil82.jvillain.fr\\\/?s={search_term_string}\"},\"query-input\":{\"@type\":\"PropertyValueSpecification\",\"valueRequired\":true,\"valueName\":\"search_term_string\"}}],\"inLanguage\":\"fr-FR\"},{\"@type\":\"Organization\",\"@id\":\"https:\\\/\\\/orgueil82.jvillain.fr\\\/#organization\",\"name\":\"Histoire et historique du village d'Orgueil\",\"url\":\"https:\\\/\\\/orgueil82.jvillain.fr\\\/\",\"logo\":{\"@type\":\"ImageObject\",\"inLanguage\":\"fr-FR\",\"@id\":\"https:\\\/\\\/orgueil82.jvillain.fr\\\/#\\\/schema\\\/logo\\\/image\\\/\",\"url\":\"https:\\\/\\\/orgueil82.jvillain.fr\\\/wp-content\\\/uploads\\\/Orgueil\\\/orgueil3.gif\",\"contentUrl\":\"https:\\\/\\\/orgueil82.jvillain.fr\\\/wp-content\\\/uploads\\\/Orgueil\\\/orgueil3.gif\",\"width\":93,\"height\":62,\"caption\":\"Histoire et historique du village d'Orgueil\"},\"image\":{\"@id\":\"https:\\\/\\\/orgueil82.jvillain.fr\\\/#\\\/schema\\\/logo\\\/image\\\/\"}},{\"@type\":\"Person\",\"@id\":\"https:\\\/\\\/orgueil82.jvillain.fr\\\/#\\\/schema\\\/person\\\/53b110b4feb20f9ca1e2fd24833b0d2c\",\"name\":\"adminhisto\",\"image\":{\"@type\":\"ImageObject\",\"inLanguage\":\"fr-FR\",\"@id\":\"https:\\\/\\\/secure.gravatar.com\\\/avatar\\\/f3823b8100a2c1c14fb4ef84e9796f5c5cc50e439868014f68c9a7e8eee53737?s=96&d=mm&r=g\",\"url\":\"https:\\\/\\\/secure.gravatar.com\\\/avatar\\\/f3823b8100a2c1c14fb4ef84e9796f5c5cc50e439868014f68c9a7e8eee53737?s=96&d=mm&r=g\",\"contentUrl\":\"https:\\\/\\\/secure.gravatar.com\\\/avatar\\\/f3823b8100a2c1c14fb4ef84e9796f5c5cc50e439868014f68c9a7e8eee53737?s=96&d=mm&r=g\",\"caption\":\"adminhisto\"},\"sameAs\":[\"https:\\\/\\\/orgueil82.jvillain.fr\"],\"url\":\"https:\\\/\\\/orgueil82.jvillain.fr\\\/?author=1\"}]}<\/script>\n<!-- \/ Yoast SEO plugin. -->","yoast_head_json":{"title":"7 juillet 2024 - \u00c9lections l\u00e9gislatives 2024 2e tour, bureau de vote d'Orgueil - Histoire et historique du village d&#039;Orgueil","robots":{"index":"index","follow":"follow","max-snippet":"max-snippet:-1","max-image-preview":"max-image-preview:large","max-video-preview":"max-video-preview:-1"},"canonical":"https:\/\/orgueil82.jvillain.fr\/?p=1171","og_locale":"fr_FR","og_type":"article","og_title":"7 juillet 2024 - \u00c9lections l\u00e9gislatives 2024 2e tour, bureau de vote d'Orgueil - Histoire et historique du village d&#039;Orgueil","og_description":"Le bureau de vote d&rsquo;Orgueil a ferm\u00e9 \u00e0 18h00, voici les r\u00e9sultats du scrutin Nombres inscrits 1268 votants 870 68,61% Blancs ou nuls 80 6,31% vides\/blancs 61 Nuls 19 Exprim\u00e9s 790 62,30% Abstention 398 31,39% Candidats Suffrages % exprim\u00e9s % votants Rang Mme Claudie CHRETIEN 279 35,32% 32,069% UG 2 Mme Marine HAMELET 511 64,68% ... Lire la suite","og_url":"https:\/\/orgueil82.jvillain.fr\/?p=1171","og_site_name":"Histoire et historique du village d&#039;Orgueil","article_published_time":"2024-07-07T18:10:00+00:00","article_modified_time":"2026-03-15T09:05:09+00:00","author":"adminhisto","twitter_card":"summary_large_image","twitter_misc":{"\u00c9crit par":"adminhisto","Dur\u00e9e de lecture estim\u00e9e":"1 minute"},"schema":{"@context":"https:\/\/schema.org","@graph":[{"@type":"Article","@id":"https:\/\/orgueil82.jvillain.fr\/?p=1171#article","isPartOf":{"@id":"https:\/\/orgueil82.jvillain.fr\/?p=1171"},"author":{"name":"adminhisto","@id":"https:\/\/orgueil82.jvillain.fr\/#\/schema\/person\/53b110b4feb20f9ca1e2fd24833b0d2c"},"headline":"7 juillet 2024 &#8211; \u00c9lections l\u00e9gislatives 2024 2e tour, bureau de vote d&rsquo;Orgueil","datePublished":"2024-07-07T18:10:00+00:00","dateModified":"2026-03-15T09:05:09+00:00","mainEntityOfPage":{"@id":"https:\/\/orgueil82.jvillain.fr\/?p=1171"},"wordCount":53,"publisher":{"@id":"https:\/\/orgueil82.jvillain.fr\/#organization"},"articleSection":["\u00c9lections","Orgueil"],"inLanguage":"fr-FR"},{"@type":"WebPage","@id":"https:\/\/orgueil82.jvillain.fr\/?p=1171","url":"https:\/\/orgueil82.jvillain.fr\/?p=1171","name":"7 juillet 2024 - \u00c9lections l\u00e9gislatives 2024 2e tour, bureau de vote d'Orgueil - Histoire et historique du village d&#039;Orgueil","isPartOf":{"@id":"https:\/\/orgueil82.jvillain.fr\/#website"},"datePublished":"2024-07-07T18:10:00+00:00","dateModified":"2026-03-15T09:05:09+00:00","breadcrumb":{"@id":"https:\/\/orgueil82.jvillain.fr\/?p=1171#breadcrumb"},"inLanguage":"fr-FR","potentialAction":[{"@type":"ReadAction","target":["https:\/\/orgueil82.jvillain.fr\/?p=1171"]}]},{"@type":"BreadcrumbList","@id":"https:\/\/orgueil82.jvillain.fr\/?p=1171#breadcrumb","itemListElement":[{"@type":"ListItem","position":1,"name":"Home","item":"https:\/\/orgueil82.jvillain.fr\/"},{"@type":"ListItem","position":2,"name":"7 juillet 2024 &#8211; \u00c9lections l\u00e9gislatives 2024 2e tour, bureau de vote d&rsquo;Orgueil"}]},{"@type":"WebSite","@id":"https:\/\/orgueil82.jvillain.fr\/#website","url":"https:\/\/orgueil82.jvillain.fr\/","name":"Histoire et historique du village d'Orgueil","description":"Vivre \u00e0 Orgueil - Tarn-et-Garonne","publisher":{"@id":"https:\/\/orgueil82.jvillain.fr\/#organization"},"potentialAction":[{"@type":"SearchAction","target":{"@type":"EntryPoint","urlTemplate":"https:\/\/orgueil82.jvillain.fr\/?s={search_term_string}"},"query-input":{"@type":"PropertyValueSpecification","valueRequired":true,"valueName":"search_term_string"}}],"inLanguage":"fr-FR"},{"@type":"Organization","@id":"https:\/\/orgueil82.jvillain.fr\/#organization","name":"Histoire et historique du village d'Orgueil","url":"https:\/\/orgueil82.jvillain.fr\/","logo":{"@type":"ImageObject","inLanguage":"fr-FR","@id":"https:\/\/orgueil82.jvillain.fr\/#\/schema\/logo\/image\/","url":"https:\/\/orgueil82.jvillain.fr\/wp-content\/uploads\/Orgueil\/orgueil3.gif","contentUrl":"https:\/\/orgueil82.jvillain.fr\/wp-content\/uploads\/Orgueil\/orgueil3.gif","width":93,"height":62,"caption":"Histoire et historique du village d'Orgueil"},"image":{"@id":"https:\/\/orgueil82.jvillain.fr\/#\/schema\/logo\/image\/"}},{"@type":"Person","@id":"https:\/\/orgueil82.jvillain.fr\/#\/schema\/person\/53b110b4feb20f9ca1e2fd24833b0d2c","name":"adminhisto","image":{"@type":"ImageObject","inLanguage":"fr-FR","@id":"https:\/\/secure.gravatar.com\/avatar\/f3823b8100a2c1c14fb4ef84e9796f5c5cc50e439868014f68c9a7e8eee53737?s=96&d=mm&r=g","url":"https:\/\/secure.gravatar.com\/avatar\/f3823b8100a2c1c14fb4ef84e9796f5c5cc50e439868014f68c9a7e8eee53737?s=96&d=mm&r=g","contentUrl":"https:\/\/secure.gravatar.com\/avatar\/f3823b8100a2c1c14fb4ef84e9796f5c5cc50e439868014f68c9a7e8eee53737?s=96&d=mm&r=g","caption":"adminhisto"},"sameAs":["https:\/\/orgueil82.jvillain.fr"],"url":"https:\/\/orgueil82.jvillain.fr\/?author=1"}]}},"featured_image_src":null,"featured_image_src_square":null,"author_info":{"display_name":"adminhisto","author_link":"https:\/\/orgueil82.jvillain.fr\/?author=1"},"_links":{"self":[{"href":"https:\/\/orgueil82.jvillain.fr\/index.php?rest_route=\/wp\/v2\/posts\/1171","targetHints":{"allow":["GET"]}}],"collection":[{"href":"https:\/\/orgueil82.jvillain.fr\/index.php?rest_route=\/wp\/v2\/posts"}],"about":[{"href":"https:\/\/orgueil82.jvillain.fr\/index.php?rest_route=\/wp\/v2\/types\/post"}],"author":[{"embeddable":true,"href":"https:\/\/orgueil82.jvillain.fr\/index.php?rest_route=\/wp\/v2\/users\/1"}],"replies":[{"embeddable":true,"href":"https:\/\/orgueil82.jvillain.fr\/index.php?rest_route=%2Fwp%2Fv2%2Fcomments&post=1171"}],"version-history":[{"count":1,"href":"https:\/\/orgueil82.jvillain.fr\/index.php?rest_route=\/wp\/v2\/posts\/1171\/revisions"}],"predecessor-version":[{"id":3276,"href":"https:\/\/orgueil82.jvillain.fr\/index.php?rest_route=\/wp\/v2\/posts\/1171\/revisions\/3276"}],"wp:attachment":[{"href":"https:\/\/orgueil82.jvillain.fr\/index.php?rest_route=%2Fwp%2Fv2%2Fmedia&parent=1171"}],"wp:term":[{"taxonomy":"category","embeddable":true,"href":"https:\/\/orgueil82.jvillain.fr\/index.php?rest_route=%2Fwp%2Fv2%2Fcategories&post=1171"},{"taxonomy":"post_tag","embeddable":true,"href":"https:\/\/orgueil82.jvillain.fr\/index.php?rest_route=%2Fwp%2Fv2%2Ftags&post=1171"}],"curies":[{"name":"wp","href":"https:\/\/api.w.org\/{rel}","templated":true}]}}