{"id":1251,"date":"2024-05-08T17:23:00","date_gmt":"2024-05-08T15:23:00","guid":{"rendered":"https:\/\/orgueil82.jvillain.fr\/?p=1251"},"modified":"2025-09-24T23:57:57","modified_gmt":"2025-09-24T21:57:57","slug":"ceremonie-du-8-mai-2024","status":"publish","type":"post","link":"https:\/\/orgueil82.jvillain.fr\/?p=1251","title":{"rendered":"C\u00e9r\u00e9monie du 8 mai 2024"},"content":{"rendered":"\n<p>Monsieur le Maire et le conseil municipal avaient donn\u00e9 rendez vous \u00e0 la population \u00e0 11h00 ce mercredi 8 mai 2024 pour la traditionnelle c\u00e9r\u00e9monie de comm\u00e9moration du 8 mai 1945.<\/p>\n\n\n\n<p>La c\u00e9r\u00e9monie s&rsquo;est d\u00e9roul\u00e9e devant l&rsquo;\u00e9cole du village en utilisant la plaque comm\u00e9morative 1914-1918, comme l&rsquo;a rappel\u00e9 Monsieur le Maire en d\u00e9but de c\u00e9r\u00e9monie les prochaines c\u00e9r\u00e9monies se tiendront devant le monument aux morts maintenant que les travaux du centre bourg sont pratiquement termin\u00e9s. L&#8217;emplacement du monument aux morts, son nouvel emplacement, sera inaugur\u00e9 le 1er juin.<\/p>\n\n\n\n<p>Peu de monde \u00e0 cette c\u00e9r\u00e9monie, certainement la faute du \u00ab\u00a0long\u00a0\u00bb pont li\u00e9 au 8 mai et au jeudi de l&rsquo;Ascension.<\/p>\n\n\n<div class=\"wp-block-image\">\n<figure class=\"aligncenter size-full is-resized\"><a href=\"https:\/\/orgueil82.jvillain.fr\/wp-content\/uploads\/C\u00e9r\u00e9monies_MaM\/08mai2024\/DSC06661.jpg\"><img width=\"1280\" height=\"960\"  alt=\"\" class=\"wp-image-1126 lws-optimize-lazyload\" style=\"width:360px;height:auto\"\/ data-src=\"https:\/\/orgueil82.jvillain.fr\/wp-content\/uploads\/C\u00e9r\u00e9monies_MaM\/08mai2024\/DSC06661.jpg\" srcset=\"https:\/\/orgueil82.jvillain.fr\/wp-content\/uploads\/C\u00e9r\u00e9monies_MaM\/08mai2024\/DSC06661.jpg 1280w, https:\/\/orgueil82.jvillain.fr\/wp-content\/uploads\/C\u00e9r\u00e9monies_MaM\/08mai2024\/DSC06661-300x225.jpg 300w, https:\/\/orgueil82.jvillain.fr\/wp-content\/uploads\/C\u00e9r\u00e9monies_MaM\/08mai2024\/DSC06661-768x576.jpg 768w\" sizes=\"(max-width: 1280px) 100vw, 1280px\" \/><\/a><\/figure>\n<\/div>\n\n\n<p>Monsieur Willy Authesserre, Maire d&rsquo;Orgueil, a d\u00e9but\u00e9 la c\u00e9r\u00e9monie en remerciant les personnes pr\u00e9sentes : \u00e9lus, repr\u00e9sentants des pompiers, pr\u00e9sidents et membres des associations, la population &#8230;<\/p>\n\n\n\n<div class=\"wp-block-group alignfull is-content-justification-center is-nowrap is-layout-flex wp-container-core-group-is-layout-94bc23d7 wp-block-group-is-layout-flex\"><div class=\"wp-block-image\">\n<figure class=\"aligncenter size-full is-resized\"><a href=\"https:\/\/orgueil82.jvillain.fr\/wp-content\/uploads\/C\u00e9r\u00e9monies_MaM\/08mai2024\/DSC06667.jpg\"><img width=\"1280\" height=\"960\"  alt=\"\" class=\"wp-image-1117 lws-optimize-lazyload\" style=\"width:297px;height:auto\"\/ data-src=\"https:\/\/orgueil82.jvillain.fr\/wp-content\/uploads\/C\u00e9r\u00e9monies_MaM\/08mai2024\/DSC06667.jpg\" srcset=\"https:\/\/orgueil82.jvillain.fr\/wp-content\/uploads\/C\u00e9r\u00e9monies_MaM\/08mai2024\/DSC06667.jpg 1280w, https:\/\/orgueil82.jvillain.fr\/wp-content\/uploads\/C\u00e9r\u00e9monies_MaM\/08mai2024\/DSC06667-300x225.jpg 300w, https:\/\/orgueil82.jvillain.fr\/wp-content\/uploads\/C\u00e9r\u00e9monies_MaM\/08mai2024\/DSC06667-768x576.jpg 768w\" sizes=\"(max-width: 1280px) 100vw, 1280px\" \/><\/a><\/figure>\n<\/div>\n\n\n<figure class=\"wp-block-image size-full is-resized\"><a href=\"https:\/\/orgueil82.jvillain.fr\/wp-content\/uploads\/C\u00e9r\u00e9monies_MaM\/08mai2024\/DSC06666.jpg\"><img width=\"1280\" height=\"960\"  alt=\"\" class=\"wp-image-1120 lws-optimize-lazyload\" style=\"width:299px;height:auto\"\/ data-src=\"https:\/\/orgueil82.jvillain.fr\/wp-content\/uploads\/C\u00e9r\u00e9monies_MaM\/08mai2024\/DSC06666.jpg\" srcset=\"https:\/\/orgueil82.jvillain.fr\/wp-content\/uploads\/C\u00e9r\u00e9monies_MaM\/08mai2024\/DSC06666.jpg 1280w, https:\/\/orgueil82.jvillain.fr\/wp-content\/uploads\/C\u00e9r\u00e9monies_MaM\/08mai2024\/DSC06666-300x225.jpg 300w, https:\/\/orgueil82.jvillain.fr\/wp-content\/uploads\/C\u00e9r\u00e9monies_MaM\/08mai2024\/DSC06666-768x576.jpg 768w\" sizes=\"(max-width: 1280px) 100vw, 1280px\" \/><\/a><\/figure>\n<\/div>\n\n\n\n<p>Monsieur le maire a ensuite proc\u00e9d\u00e9 \u00e0 la lecture du message&nbsp;Monsieur S\u00e9bastien LECORNU, ministre des Arm\u00e9es et de Madame Patricia MIRALL\u00c8S, secr\u00e9taire d\u2019\u00c9tat aupr\u00e8s du ministre des Arm\u00e9es, charg\u00e9e des Anciens combattants et de la M\u00e9moire (Pour consulter ce message cliquez&nbsp;<a href=\"https:\/\/www.oise.gouv.fr\/Actions-de-l-Etat\/Commemorations\/Messages-officiels\/Commemoration-du-8-mai-2024\" target=\"_blank\" rel=\"noreferrer noopener\">ICI<\/a>)<\/p>\n\n\n\n<div class=\"wp-block-group is-nowrap is-layout-flex wp-container-core-group-is-layout-ad2f72ca wp-block-group-is-layout-flex\">\n<figure class=\"wp-block-image size-full\"><a href=\"https:\/\/orgueil82.jvillain.fr\/wp-content\/uploads\/C\u00e9r\u00e9monies_MaM\/08mai2024\/DSC06668.jpg\"><img width=\"1280\" height=\"960\"  alt=\"\" class=\"wp-image-1118 lws-optimize-lazyload\"\/ data-src=\"https:\/\/orgueil82.jvillain.fr\/wp-content\/uploads\/C\u00e9r\u00e9monies_MaM\/08mai2024\/DSC06668.jpg\" srcset=\"https:\/\/orgueil82.jvillain.fr\/wp-content\/uploads\/C\u00e9r\u00e9monies_MaM\/08mai2024\/DSC06668.jpg 1280w, https:\/\/orgueil82.jvillain.fr\/wp-content\/uploads\/C\u00e9r\u00e9monies_MaM\/08mai2024\/DSC06668-300x225.jpg 300w, https:\/\/orgueil82.jvillain.fr\/wp-content\/uploads\/C\u00e9r\u00e9monies_MaM\/08mai2024\/DSC06668-768x576.jpg 768w\" sizes=\"(max-width: 1280px) 100vw, 1280px\" \/><\/a><\/figure>\n\n\n\n<figure class=\"wp-block-image size-full\"><a href=\"https:\/\/orgueil82.jvillain.fr\/wp-content\/uploads\/C\u00e9r\u00e9monies_MaM\/08mai2024\/DSC06669.jpg\"><img width=\"1280\" height=\"960\"  alt=\"\" class=\"wp-image-1125 lws-optimize-lazyload\"\/ data-src=\"https:\/\/orgueil82.jvillain.fr\/wp-content\/uploads\/C\u00e9r\u00e9monies_MaM\/08mai2024\/DSC06669.jpg\" srcset=\"https:\/\/orgueil82.jvillain.fr\/wp-content\/uploads\/C\u00e9r\u00e9monies_MaM\/08mai2024\/DSC06669.jpg 1280w, https:\/\/orgueil82.jvillain.fr\/wp-content\/uploads\/C\u00e9r\u00e9monies_MaM\/08mai2024\/DSC06669-300x225.jpg 300w, https:\/\/orgueil82.jvillain.fr\/wp-content\/uploads\/C\u00e9r\u00e9monies_MaM\/08mai2024\/DSC06669-768x576.jpg 768w\" sizes=\"(max-width: 1280px) 100vw, 1280px\" \/><\/a><\/figure>\n<\/div>\n\n\n\n<p>Apr\u00e8s la lecture, Monsieur le Maire et madame Alexandra Pinaud-Verdier, adjointe au maire d\u00e9l\u00e9gu\u00e9e \u00e0 l&rsquo;\u00e9cole, l&rsquo;enfance et la jeunesse, ont d\u00e9pos\u00e9 une gerbe devant la plaque m\u00e9morielle, cette gerbe sera ensuite emmen\u00e9e au cimeti\u00e8re du village et sera pos\u00e9e au centre du cimeti\u00e8re devant la grande croix.<\/p>\n\n\n\n<div class=\"wp-block-group is-content-justification-center is-nowrap is-layout-flex wp-container-core-group-is-layout-94bc23d7 wp-block-group-is-layout-flex\">\n<figure class=\"wp-block-image size-full\"><a href=\"https:\/\/orgueil82.jvillain.fr\/wp-content\/uploads\/C\u00e9r\u00e9monies_MaM\/08mai2024\/DSC06673.jpg\"><img width=\"1280\" height=\"960\"  alt=\"\" class=\"wp-image-1123 lws-optimize-lazyload\"\/ data-src=\"https:\/\/orgueil82.jvillain.fr\/wp-content\/uploads\/C\u00e9r\u00e9monies_MaM\/08mai2024\/DSC06673.jpg\" srcset=\"https:\/\/orgueil82.jvillain.fr\/wp-content\/uploads\/C\u00e9r\u00e9monies_MaM\/08mai2024\/DSC06673.jpg 1280w, https:\/\/orgueil82.jvillain.fr\/wp-content\/uploads\/C\u00e9r\u00e9monies_MaM\/08mai2024\/DSC06673-300x225.jpg 300w, https:\/\/orgueil82.jvillain.fr\/wp-content\/uploads\/C\u00e9r\u00e9monies_MaM\/08mai2024\/DSC06673-768x576.jpg 768w\" sizes=\"(max-width: 1280px) 100vw, 1280px\" \/><\/a><\/figure>\n\n\n\n<figure class=\"wp-block-image size-full\"><a href=\"https:\/\/orgueil82.jvillain.fr\/wp-content\/uploads\/C\u00e9r\u00e9monies_MaM\/08mai2024\/DSC06674.jpg\"><img width=\"1280\" height=\"960\"  alt=\"\" class=\"wp-image-1124 lws-optimize-lazyload\"\/ data-src=\"https:\/\/orgueil82.jvillain.fr\/wp-content\/uploads\/C\u00e9r\u00e9monies_MaM\/08mai2024\/DSC06674.jpg\" srcset=\"https:\/\/orgueil82.jvillain.fr\/wp-content\/uploads\/C\u00e9r\u00e9monies_MaM\/08mai2024\/DSC06674.jpg 1280w, https:\/\/orgueil82.jvillain.fr\/wp-content\/uploads\/C\u00e9r\u00e9monies_MaM\/08mai2024\/DSC06674-300x225.jpg 300w, https:\/\/orgueil82.jvillain.fr\/wp-content\/uploads\/C\u00e9r\u00e9monies_MaM\/08mai2024\/DSC06674-768x576.jpg 768w\" sizes=\"(max-width: 1280px) 100vw, 1280px\" \/><\/a><\/figure>\n\n\n\n<figure class=\"wp-block-image size-full\"><a href=\"https:\/\/orgueil82.jvillain.fr\/wp-content\/uploads\/C\u00e9r\u00e9monies_MaM\/08mai2024\/DSC06692.jpg\"><img width=\"1280\" height=\"960\"  alt=\"\" class=\"wp-image-1116 lws-optimize-lazyload\"\/ data-src=\"https:\/\/orgueil82.jvillain.fr\/wp-content\/uploads\/C\u00e9r\u00e9monies_MaM\/08mai2024\/DSC06692.jpg\" srcset=\"https:\/\/orgueil82.jvillain.fr\/wp-content\/uploads\/C\u00e9r\u00e9monies_MaM\/08mai2024\/DSC06692.jpg 1280w, https:\/\/orgueil82.jvillain.fr\/wp-content\/uploads\/C\u00e9r\u00e9monies_MaM\/08mai2024\/DSC06692-300x225.jpg 300w, https:\/\/orgueil82.jvillain.fr\/wp-content\/uploads\/C\u00e9r\u00e9monies_MaM\/08mai2024\/DSC06692-768x576.jpg 768w\" sizes=\"(max-width: 1280px) 100vw, 1280px\" \/><\/a><\/figure>\n<\/div>\n\n\n\n<p>Apr\u00e8s le d\u00e9p\u00f4t de la gerbe, ce fut la sonnerie aux morts suivie d&rsquo;une minute de silence et de la Marseillaise.<\/p>\n\n\n\n<div class=\"wp-block-group is-content-justification-center is-nowrap is-layout-flex wp-container-core-group-is-layout-94bc23d7 wp-block-group-is-layout-flex\">\n<figure class=\"wp-block-image size-full\"><a href=\"https:\/\/orgueil82.jvillain.fr\/wp-content\/uploads\/C\u00e9r\u00e9monies_MaM\/08mai2024\/DSC06675.jpg\"><img width=\"1280\" height=\"960\"  alt=\"\" class=\"wp-image-1122 lws-optimize-lazyload\"\/ data-src=\"https:\/\/orgueil82.jvillain.fr\/wp-content\/uploads\/C\u00e9r\u00e9monies_MaM\/08mai2024\/DSC06675.jpg\" srcset=\"https:\/\/orgueil82.jvillain.fr\/wp-content\/uploads\/C\u00e9r\u00e9monies_MaM\/08mai2024\/DSC06675.jpg 1280w, https:\/\/orgueil82.jvillain.fr\/wp-content\/uploads\/C\u00e9r\u00e9monies_MaM\/08mai2024\/DSC06675-300x225.jpg 300w, https:\/\/orgueil82.jvillain.fr\/wp-content\/uploads\/C\u00e9r\u00e9monies_MaM\/08mai2024\/DSC06675-768x576.jpg 768w\" sizes=\"(max-width: 1280px) 100vw, 1280px\" \/><\/a><\/figure>\n\n\n\n<figure class=\"wp-block-image size-full\"><a href=\"https:\/\/orgueil82.jvillain.fr\/wp-content\/uploads\/C\u00e9r\u00e9monies_MaM\/08mai2024\/DSC06676.jpg\"><img width=\"1280\" height=\"960\"  alt=\"\" class=\"wp-image-1121 lws-optimize-lazyload\"\/ data-src=\"https:\/\/orgueil82.jvillain.fr\/wp-content\/uploads\/C\u00e9r\u00e9monies_MaM\/08mai2024\/DSC06676.jpg\" srcset=\"https:\/\/orgueil82.jvillain.fr\/wp-content\/uploads\/C\u00e9r\u00e9monies_MaM\/08mai2024\/DSC06676.jpg 1280w, https:\/\/orgueil82.jvillain.fr\/wp-content\/uploads\/C\u00e9r\u00e9monies_MaM\/08mai2024\/DSC06676-300x225.jpg 300w, https:\/\/orgueil82.jvillain.fr\/wp-content\/uploads\/C\u00e9r\u00e9monies_MaM\/08mai2024\/DSC06676-768x576.jpg 768w\" sizes=\"(max-width: 1280px) 100vw, 1280px\" \/><\/a><\/figure>\n\n\n\n<figure class=\"wp-block-image size-full\"><a href=\"https:\/\/orgueil82.jvillain.fr\/wp-content\/uploads\/C\u00e9r\u00e9monies_MaM\/08mai2024\/DSC06683.jpg\"><img width=\"1280\" height=\"960\"  alt=\"\" class=\"wp-image-1119 lws-optimize-lazyload\"\/ data-src=\"https:\/\/orgueil82.jvillain.fr\/wp-content\/uploads\/C\u00e9r\u00e9monies_MaM\/08mai2024\/DSC06683.jpg\" srcset=\"https:\/\/orgueil82.jvillain.fr\/wp-content\/uploads\/C\u00e9r\u00e9monies_MaM\/08mai2024\/DSC06683.jpg 1280w, https:\/\/orgueil82.jvillain.fr\/wp-content\/uploads\/C\u00e9r\u00e9monies_MaM\/08mai2024\/DSC06683-300x225.jpg 300w, https:\/\/orgueil82.jvillain.fr\/wp-content\/uploads\/C\u00e9r\u00e9monies_MaM\/08mai2024\/DSC06683-768x576.jpg 768w\" sizes=\"(max-width: 1280px) 100vw, 1280px\" \/><\/a><\/figure>\n<\/div>\n\n\n\n<p>Monsieur le maire est ensuite all\u00e9 saluer nos deux portes-drapeaux<\/p>\n\n\n\n<div class=\"wp-block-group is-content-justification-center is-nowrap is-layout-flex wp-container-core-group-is-layout-94bc23d7 wp-block-group-is-layout-flex\">\n<figure class=\"wp-block-image size-full\"><a href=\"https:\/\/orgueil82.jvillain.fr\/wp-content\/uploads\/C\u00e9r\u00e9monies_MaM\/08mai2024\/DSC06688.jpg\"><img width=\"1280\" height=\"960\"  alt=\"\" class=\"wp-image-1114 lws-optimize-lazyload\"\/ data-src=\"https:\/\/orgueil82.jvillain.fr\/wp-content\/uploads\/C\u00e9r\u00e9monies_MaM\/08mai2024\/DSC06688.jpg\" srcset=\"https:\/\/orgueil82.jvillain.fr\/wp-content\/uploads\/C\u00e9r\u00e9monies_MaM\/08mai2024\/DSC06688.jpg 1280w, https:\/\/orgueil82.jvillain.fr\/wp-content\/uploads\/C\u00e9r\u00e9monies_MaM\/08mai2024\/DSC06688-300x225.jpg 300w, https:\/\/orgueil82.jvillain.fr\/wp-content\/uploads\/C\u00e9r\u00e9monies_MaM\/08mai2024\/DSC06688-768x576.jpg 768w\" sizes=\"(max-width: 1280px) 100vw, 1280px\" \/><\/a><\/figure>\n\n\n\n<figure class=\"wp-block-image size-full\"><a href=\"https:\/\/orgueil82.jvillain.fr\/wp-content\/uploads\/C\u00e9r\u00e9monies_MaM\/08mai2024\/DSC06689.jpg\"><img width=\"1280\" height=\"960\"  alt=\"\" class=\"wp-image-1115 lws-optimize-lazyload\"\/ data-src=\"https:\/\/orgueil82.jvillain.fr\/wp-content\/uploads\/C\u00e9r\u00e9monies_MaM\/08mai2024\/DSC06689.jpg\" srcset=\"https:\/\/orgueil82.jvillain.fr\/wp-content\/uploads\/C\u00e9r\u00e9monies_MaM\/08mai2024\/DSC06689.jpg 1280w, https:\/\/orgueil82.jvillain.fr\/wp-content\/uploads\/C\u00e9r\u00e9monies_MaM\/08mai2024\/DSC06689-300x225.jpg 300w, https:\/\/orgueil82.jvillain.fr\/wp-content\/uploads\/C\u00e9r\u00e9monies_MaM\/08mai2024\/DSC06689-768x576.jpg 768w\" sizes=\"(max-width: 1280px) 100vw, 1280px\" \/><\/a><\/figure>\n<\/div>\n\n\n\n<p>puis il a invit\u00e9 tout le monde \u00e0 se rendre au caf\u00e9 du village, le Rituel, pour partager le verre de l&rsquo;amiti\u00e9.<\/p>\n\n\n\n<p>Merci \u00e0 ceux qui ont organis\u00e9 la c\u00e9r\u00e9monie, merci \u00e0 tous les pr\u00e9sents venu faire \u00ab\u00a0m\u00e9moire\u00a0\u00bb et rendez-vous \u00e0 tous le 1er juin pour l&rsquo;inauguration du nouvel emplacement du monument aux morts r\u00e9nov\u00e9.<\/p>\n","protected":false},"excerpt":{"rendered":"<p>Monsieur le Maire et le conseil municipal avaient donn\u00e9 rendez vous \u00e0 la population \u00e0 11h00 ce mercredi 8 mai 2024 pour la traditionnelle c\u00e9r\u00e9monie de comm\u00e9moration du 8 mai 1945. La c\u00e9r\u00e9monie s&rsquo;est d\u00e9roul\u00e9e devant l&rsquo;\u00e9cole du village en utilisant la plaque comm\u00e9morative 1914-1918, comme l&rsquo;a rappel\u00e9 Monsieur le Maire en d\u00e9but de c\u00e9r\u00e9monie &#8230; <a title=\"C\u00e9r\u00e9monie du 8 mai 2024\" class=\"read-more\" href=\"https:\/\/orgueil82.jvillain.fr\/?p=1251\" aria-label=\"En savoir plus sur C\u00e9r\u00e9monie du 8 mai 2024\">Lire la suite<\/a><\/p>\n","protected":false},"author":1,"featured_media":1125,"comment_status":"closed","ping_status":"closed","sticky":false,"template":"","format":"standard","meta":{"_eb_attr":"","pgc_sgb_lightbox_settings":"","footnotes":""},"categories":[21],"tags":[],"class_list":["post-1251","post","type-post","status-publish","format-standard","has-post-thumbnail","hentry","category-monument_aux_morts"],"yoast_head":"<!-- This site is optimized with the Yoast SEO plugin v27.5 - https:\/\/yoast.com\/product\/yoast-seo-wordpress\/ -->\n<title>C\u00e9r\u00e9monie du 8 mai 2024 - Histoire et historique du village d&#039;Orgueil<\/title>\n<meta name=\"robots\" content=\"index, follow, max-snippet:-1, max-image-preview:large, max-video-preview:-1\" \/>\n<link rel=\"canonical\" href=\"https:\/\/orgueil82.jvillain.fr\/?p=1251\" \/>\n<meta property=\"og:locale\" content=\"fr_FR\" \/>\n<meta property=\"og:type\" content=\"article\" \/>\n<meta property=\"og:title\" content=\"C\u00e9r\u00e9monie du 8 mai 2024 - Histoire et historique du village d&#039;Orgueil\" \/>\n<meta property=\"og:description\" content=\"Monsieur le Maire et le conseil municipal avaient donn\u00e9 rendez vous \u00e0 la population \u00e0 11h00 ce mercredi 8 mai 2024 pour la traditionnelle c\u00e9r\u00e9monie de comm\u00e9moration du 8 mai 1945. La c\u00e9r\u00e9monie s&rsquo;est d\u00e9roul\u00e9e devant l&rsquo;\u00e9cole du village en utilisant la plaque comm\u00e9morative 1914-1918, comme l&rsquo;a rappel\u00e9 Monsieur le Maire en d\u00e9but de c\u00e9r\u00e9monie ... Lire la suite\" \/>\n<meta property=\"og:url\" content=\"https:\/\/orgueil82.jvillain.fr\/?p=1251\" \/>\n<meta property=\"og:site_name\" content=\"Histoire et historique du village d&#039;Orgueil\" \/>\n<meta property=\"article:published_time\" content=\"2024-05-08T15:23:00+00:00\" \/>\n<meta property=\"article:modified_time\" content=\"2025-09-24T21:57:57+00:00\" \/>\n<meta property=\"og:image\" content=\"https:\/\/orgueil82.jvillain.fr\/wp-content\/uploads\/C\u00e9r\u00e9monies_MaM\/08mai2024\/DSC06669.jpg\" \/>\n\t<meta property=\"og:image:width\" content=\"1280\" \/>\n\t<meta property=\"og:image:height\" content=\"960\" \/>\n\t<meta property=\"og:image:type\" content=\"image\/jpeg\" \/>\n<meta name=\"author\" content=\"adminhisto\" \/>\n<meta name=\"twitter:card\" content=\"summary_large_image\" \/>\n<meta name=\"twitter:label1\" content=\"\u00c9crit par\" \/>\n\t<meta name=\"twitter:data1\" content=\"adminhisto\" \/>\n\t<meta name=\"twitter:label2\" content=\"Dur\u00e9e de lecture estim\u00e9e\" \/>\n\t<meta name=\"twitter:data2\" content=\"5 minutes\" \/>\n<script type=\"application\/ld+json\" class=\"yoast-schema-graph\">{\"@context\":\"https:\\\/\\\/schema.org\",\"@graph\":[{\"@type\":\"Article\",\"@id\":\"https:\\\/\\\/orgueil82.jvillain.fr\\\/?p=1251#article\",\"isPartOf\":{\"@id\":\"https:\\\/\\\/orgueil82.jvillain.fr\\\/?p=1251\"},\"author\":{\"name\":\"adminhisto\",\"@id\":\"https:\\\/\\\/orgueil82.jvillain.fr\\\/#\\\/schema\\\/person\\\/53b110b4feb20f9ca1e2fd24833b0d2c\"},\"headline\":\"C\u00e9r\u00e9monie du 8 mai 2024\",\"datePublished\":\"2024-05-08T15:23:00+00:00\",\"dateModified\":\"2025-09-24T21:57:57+00:00\",\"mainEntityOfPage\":{\"@id\":\"https:\\\/\\\/orgueil82.jvillain.fr\\\/?p=1251\"},\"wordCount\":365,\"publisher\":{\"@id\":\"https:\\\/\\\/orgueil82.jvillain.fr\\\/#organization\"},\"image\":{\"@id\":\"https:\\\/\\\/orgueil82.jvillain.fr\\\/?p=1251#primaryimage\"},\"thumbnailUrl\":\"https:\\\/\\\/orgueil82.jvillain.fr\\\/wp-content\\\/uploads\\\/C\u00e9r\u00e9monies_MaM\\\/08mai2024\\\/DSC06669.jpg\",\"articleSection\":[\"Monument_aux_Morts\"],\"inLanguage\":\"fr-FR\"},{\"@type\":\"WebPage\",\"@id\":\"https:\\\/\\\/orgueil82.jvillain.fr\\\/?p=1251\",\"url\":\"https:\\\/\\\/orgueil82.jvillain.fr\\\/?p=1251\",\"name\":\"C\u00e9r\u00e9monie du 8 mai 2024 - Histoire et historique du village d&#039;Orgueil\",\"isPartOf\":{\"@id\":\"https:\\\/\\\/orgueil82.jvillain.fr\\\/#website\"},\"primaryImageOfPage\":{\"@id\":\"https:\\\/\\\/orgueil82.jvillain.fr\\\/?p=1251#primaryimage\"},\"image\":{\"@id\":\"https:\\\/\\\/orgueil82.jvillain.fr\\\/?p=1251#primaryimage\"},\"thumbnailUrl\":\"https:\\\/\\\/orgueil82.jvillain.fr\\\/wp-content\\\/uploads\\\/C\u00e9r\u00e9monies_MaM\\\/08mai2024\\\/DSC06669.jpg\",\"datePublished\":\"2024-05-08T15:23:00+00:00\",\"dateModified\":\"2025-09-24T21:57:57+00:00\",\"breadcrumb\":{\"@id\":\"https:\\\/\\\/orgueil82.jvillain.fr\\\/?p=1251#breadcrumb\"},\"inLanguage\":\"fr-FR\",\"potentialAction\":[{\"@type\":\"ReadAction\",\"target\":[\"https:\\\/\\\/orgueil82.jvillain.fr\\\/?p=1251\"]}]},{\"@type\":\"ImageObject\",\"inLanguage\":\"fr-FR\",\"@id\":\"https:\\\/\\\/orgueil82.jvillain.fr\\\/?p=1251#primaryimage\",\"url\":\"https:\\\/\\\/orgueil82.jvillain.fr\\\/wp-content\\\/uploads\\\/C\u00e9r\u00e9monies_MaM\\\/08mai2024\\\/DSC06669.jpg\",\"contentUrl\":\"https:\\\/\\\/orgueil82.jvillain.fr\\\/wp-content\\\/uploads\\\/C\u00e9r\u00e9monies_MaM\\\/08mai2024\\\/DSC06669.jpg\",\"width\":1280,\"height\":960},{\"@type\":\"BreadcrumbList\",\"@id\":\"https:\\\/\\\/orgueil82.jvillain.fr\\\/?p=1251#breadcrumb\",\"itemListElement\":[{\"@type\":\"ListItem\",\"position\":1,\"name\":\"Home\",\"item\":\"https:\\\/\\\/orgueil82.jvillain.fr\\\/\"},{\"@type\":\"ListItem\",\"position\":2,\"name\":\"C\u00e9r\u00e9monie du 8 mai 2024\"}]},{\"@type\":\"WebSite\",\"@id\":\"https:\\\/\\\/orgueil82.jvillain.fr\\\/#website\",\"url\":\"https:\\\/\\\/orgueil82.jvillain.fr\\\/\",\"name\":\"Histoire et historique du village d'Orgueil\",\"description\":\"Vivre \u00e0 Orgueil - Tarn-et-Garonne\",\"publisher\":{\"@id\":\"https:\\\/\\\/orgueil82.jvillain.fr\\\/#organization\"},\"potentialAction\":[{\"@type\":\"SearchAction\",\"target\":{\"@type\":\"EntryPoint\",\"urlTemplate\":\"https:\\\/\\\/orgueil82.jvillain.fr\\\/?s={search_term_string}\"},\"query-input\":{\"@type\":\"PropertyValueSpecification\",\"valueRequired\":true,\"valueName\":\"search_term_string\"}}],\"inLanguage\":\"fr-FR\"},{\"@type\":\"Organization\",\"@id\":\"https:\\\/\\\/orgueil82.jvillain.fr\\\/#organization\",\"name\":\"Histoire et historique du village d'Orgueil\",\"url\":\"https:\\\/\\\/orgueil82.jvillain.fr\\\/\",\"logo\":{\"@type\":\"ImageObject\",\"inLanguage\":\"fr-FR\",\"@id\":\"https:\\\/\\\/orgueil82.jvillain.fr\\\/#\\\/schema\\\/logo\\\/image\\\/\",\"url\":\"https:\\\/\\\/orgueil82.jvillain.fr\\\/wp-content\\\/uploads\\\/Orgueil\\\/orgueil3.gif\",\"contentUrl\":\"https:\\\/\\\/orgueil82.jvillain.fr\\\/wp-content\\\/uploads\\\/Orgueil\\\/orgueil3.gif\",\"width\":93,\"height\":62,\"caption\":\"Histoire et historique du village d'Orgueil\"},\"image\":{\"@id\":\"https:\\\/\\\/orgueil82.jvillain.fr\\\/#\\\/schema\\\/logo\\\/image\\\/\"}},{\"@type\":\"Person\",\"@id\":\"https:\\\/\\\/orgueil82.jvillain.fr\\\/#\\\/schema\\\/person\\\/53b110b4feb20f9ca1e2fd24833b0d2c\",\"name\":\"adminhisto\",\"image\":{\"@type\":\"ImageObject\",\"inLanguage\":\"fr-FR\",\"@id\":\"https:\\\/\\\/secure.gravatar.com\\\/avatar\\\/f3823b8100a2c1c14fb4ef84e9796f5c5cc50e439868014f68c9a7e8eee53737?s=96&d=mm&r=g\",\"url\":\"https:\\\/\\\/secure.gravatar.com\\\/avatar\\\/f3823b8100a2c1c14fb4ef84e9796f5c5cc50e439868014f68c9a7e8eee53737?s=96&d=mm&r=g\",\"contentUrl\":\"https:\\\/\\\/secure.gravatar.com\\\/avatar\\\/f3823b8100a2c1c14fb4ef84e9796f5c5cc50e439868014f68c9a7e8eee53737?s=96&d=mm&r=g\",\"caption\":\"adminhisto\"},\"sameAs\":[\"https:\\\/\\\/orgueil82.jvillain.fr\"],\"url\":\"https:\\\/\\\/orgueil82.jvillain.fr\\\/?author=1\"}]}<\/script>\n<!-- \/ Yoast SEO plugin. -->","yoast_head_json":{"title":"C\u00e9r\u00e9monie du 8 mai 2024 - Histoire et historique du village d&#039;Orgueil","robots":{"index":"index","follow":"follow","max-snippet":"max-snippet:-1","max-image-preview":"max-image-preview:large","max-video-preview":"max-video-preview:-1"},"canonical":"https:\/\/orgueil82.jvillain.fr\/?p=1251","og_locale":"fr_FR","og_type":"article","og_title":"C\u00e9r\u00e9monie du 8 mai 2024 - Histoire et historique du village d&#039;Orgueil","og_description":"Monsieur le Maire et le conseil municipal avaient donn\u00e9 rendez vous \u00e0 la population \u00e0 11h00 ce mercredi 8 mai 2024 pour la traditionnelle c\u00e9r\u00e9monie de comm\u00e9moration du 8 mai 1945. La c\u00e9r\u00e9monie s&rsquo;est d\u00e9roul\u00e9e devant l&rsquo;\u00e9cole du village en utilisant la plaque comm\u00e9morative 1914-1918, comme l&rsquo;a rappel\u00e9 Monsieur le Maire en d\u00e9but de c\u00e9r\u00e9monie ... Lire la suite","og_url":"https:\/\/orgueil82.jvillain.fr\/?p=1251","og_site_name":"Histoire et historique du village d&#039;Orgueil","article_published_time":"2024-05-08T15:23:00+00:00","article_modified_time":"2025-09-24T21:57:57+00:00","og_image":[{"width":1280,"height":960,"url":"https:\/\/orgueil82.jvillain.fr\/wp-content\/uploads\/C\u00e9r\u00e9monies_MaM\/08mai2024\/DSC06669.jpg","type":"image\/jpeg"}],"author":"adminhisto","twitter_card":"summary_large_image","twitter_misc":{"\u00c9crit par":"adminhisto","Dur\u00e9e de lecture estim\u00e9e":"5 minutes"},"schema":{"@context":"https:\/\/schema.org","@graph":[{"@type":"Article","@id":"https:\/\/orgueil82.jvillain.fr\/?p=1251#article","isPartOf":{"@id":"https:\/\/orgueil82.jvillain.fr\/?p=1251"},"author":{"name":"adminhisto","@id":"https:\/\/orgueil82.jvillain.fr\/#\/schema\/person\/53b110b4feb20f9ca1e2fd24833b0d2c"},"headline":"C\u00e9r\u00e9monie du 8 mai 2024","datePublished":"2024-05-08T15:23:00+00:00","dateModified":"2025-09-24T21:57:57+00:00","mainEntityOfPage":{"@id":"https:\/\/orgueil82.jvillain.fr\/?p=1251"},"wordCount":365,"publisher":{"@id":"https:\/\/orgueil82.jvillain.fr\/#organization"},"image":{"@id":"https:\/\/orgueil82.jvillain.fr\/?p=1251#primaryimage"},"thumbnailUrl":"https:\/\/orgueil82.jvillain.fr\/wp-content\/uploads\/C\u00e9r\u00e9monies_MaM\/08mai2024\/DSC06669.jpg","articleSection":["Monument_aux_Morts"],"inLanguage":"fr-FR"},{"@type":"WebPage","@id":"https:\/\/orgueil82.jvillain.fr\/?p=1251","url":"https:\/\/orgueil82.jvillain.fr\/?p=1251","name":"C\u00e9r\u00e9monie du 8 mai 2024 - Histoire et historique du village d&#039;Orgueil","isPartOf":{"@id":"https:\/\/orgueil82.jvillain.fr\/#website"},"primaryImageOfPage":{"@id":"https:\/\/orgueil82.jvillain.fr\/?p=1251#primaryimage"},"image":{"@id":"https:\/\/orgueil82.jvillain.fr\/?p=1251#primaryimage"},"thumbnailUrl":"https:\/\/orgueil82.jvillain.fr\/wp-content\/uploads\/C\u00e9r\u00e9monies_MaM\/08mai2024\/DSC06669.jpg","datePublished":"2024-05-08T15:23:00+00:00","dateModified":"2025-09-24T21:57:57+00:00","breadcrumb":{"@id":"https:\/\/orgueil82.jvillain.fr\/?p=1251#breadcrumb"},"inLanguage":"fr-FR","potentialAction":[{"@type":"ReadAction","target":["https:\/\/orgueil82.jvillain.fr\/?p=1251"]}]},{"@type":"ImageObject","inLanguage":"fr-FR","@id":"https:\/\/orgueil82.jvillain.fr\/?p=1251#primaryimage","url":"https:\/\/orgueil82.jvillain.fr\/wp-content\/uploads\/C\u00e9r\u00e9monies_MaM\/08mai2024\/DSC06669.jpg","contentUrl":"https:\/\/orgueil82.jvillain.fr\/wp-content\/uploads\/C\u00e9r\u00e9monies_MaM\/08mai2024\/DSC06669.jpg","width":1280,"height":960},{"@type":"BreadcrumbList","@id":"https:\/\/orgueil82.jvillain.fr\/?p=1251#breadcrumb","itemListElement":[{"@type":"ListItem","position":1,"name":"Home","item":"https:\/\/orgueil82.jvillain.fr\/"},{"@type":"ListItem","position":2,"name":"C\u00e9r\u00e9monie du 8 mai 2024"}]},{"@type":"WebSite","@id":"https:\/\/orgueil82.jvillain.fr\/#website","url":"https:\/\/orgueil82.jvillain.fr\/","name":"Histoire et historique du village d'Orgueil","description":"Vivre \u00e0 Orgueil - Tarn-et-Garonne","publisher":{"@id":"https:\/\/orgueil82.jvillain.fr\/#organization"},"potentialAction":[{"@type":"SearchAction","target":{"@type":"EntryPoint","urlTemplate":"https:\/\/orgueil82.jvillain.fr\/?s={search_term_string}"},"query-input":{"@type":"PropertyValueSpecification","valueRequired":true,"valueName":"search_term_string"}}],"inLanguage":"fr-FR"},{"@type":"Organization","@id":"https:\/\/orgueil82.jvillain.fr\/#organization","name":"Histoire et historique du village d'Orgueil","url":"https:\/\/orgueil82.jvillain.fr\/","logo":{"@type":"ImageObject","inLanguage":"fr-FR","@id":"https:\/\/orgueil82.jvillain.fr\/#\/schema\/logo\/image\/","url":"https:\/\/orgueil82.jvillain.fr\/wp-content\/uploads\/Orgueil\/orgueil3.gif","contentUrl":"https:\/\/orgueil82.jvillain.fr\/wp-content\/uploads\/Orgueil\/orgueil3.gif","width":93,"height":62,"caption":"Histoire et historique du village d'Orgueil"},"image":{"@id":"https:\/\/orgueil82.jvillain.fr\/#\/schema\/logo\/image\/"}},{"@type":"Person","@id":"https:\/\/orgueil82.jvillain.fr\/#\/schema\/person\/53b110b4feb20f9ca1e2fd24833b0d2c","name":"adminhisto","image":{"@type":"ImageObject","inLanguage":"fr-FR","@id":"https:\/\/secure.gravatar.com\/avatar\/f3823b8100a2c1c14fb4ef84e9796f5c5cc50e439868014f68c9a7e8eee53737?s=96&d=mm&r=g","url":"https:\/\/secure.gravatar.com\/avatar\/f3823b8100a2c1c14fb4ef84e9796f5c5cc50e439868014f68c9a7e8eee53737?s=96&d=mm&r=g","contentUrl":"https:\/\/secure.gravatar.com\/avatar\/f3823b8100a2c1c14fb4ef84e9796f5c5cc50e439868014f68c9a7e8eee53737?s=96&d=mm&r=g","caption":"adminhisto"},"sameAs":["https:\/\/orgueil82.jvillain.fr"],"url":"https:\/\/orgueil82.jvillain.fr\/?author=1"}]}},"featured_image_src":"https:\/\/orgueil82.jvillain.fr\/wp-content\/uploads\/C\u00e9r\u00e9monies_MaM\/08mai2024\/DSC06669.jpg","featured_image_src_square":"https:\/\/orgueil82.jvillain.fr\/wp-content\/uploads\/C\u00e9r\u00e9monies_MaM\/08mai2024\/DSC06669.jpg","author_info":{"display_name":"adminhisto","author_link":"https:\/\/orgueil82.jvillain.fr\/?author=1"},"_links":{"self":[{"href":"https:\/\/orgueil82.jvillain.fr\/index.php?rest_route=\/wp\/v2\/posts\/1251","targetHints":{"allow":["GET"]}}],"collection":[{"href":"https:\/\/orgueil82.jvillain.fr\/index.php?rest_route=\/wp\/v2\/posts"}],"about":[{"href":"https:\/\/orgueil82.jvillain.fr\/index.php?rest_route=\/wp\/v2\/types\/post"}],"author":[{"embeddable":true,"href":"https:\/\/orgueil82.jvillain.fr\/index.php?rest_route=\/wp\/v2\/users\/1"}],"replies":[{"embeddable":true,"href":"https:\/\/orgueil82.jvillain.fr\/index.php?rest_route=%2Fwp%2Fv2%2Fcomments&post=1251"}],"version-history":[{"count":0,"href":"https:\/\/orgueil82.jvillain.fr\/index.php?rest_route=\/wp\/v2\/posts\/1251\/revisions"}],"wp:featuredmedia":[{"embeddable":true,"href":"https:\/\/orgueil82.jvillain.fr\/index.php?rest_route=\/wp\/v2\/media\/1125"}],"wp:attachment":[{"href":"https:\/\/orgueil82.jvillain.fr\/index.php?rest_route=%2Fwp%2Fv2%2Fmedia&parent=1251"}],"wp:term":[{"taxonomy":"category","embeddable":true,"href":"https:\/\/orgueil82.jvillain.fr\/index.php?rest_route=%2Fwp%2Fv2%2Fcategories&post=1251"},{"taxonomy":"post_tag","embeddable":true,"href":"https:\/\/orgueil82.jvillain.fr\/index.php?rest_route=%2Fwp%2Fv2%2Ftags&post=1251"}],"curies":[{"name":"wp","href":"https:\/\/api.w.org\/{rel}","templated":true}]}}