{"id":1278,"date":"2024-10-19T23:43:49","date_gmt":"2024-10-19T21:43:49","guid":{"rendered":"https:\/\/orgueil82.jvillain.fr\/?p=1278"},"modified":"2025-09-24T18:39:19","modified_gmt":"2025-09-24T16:39:19","slug":"inauguration-caserne-des-pompiers-de-villebrumier","status":"publish","type":"post","link":"https:\/\/orgueil82.jvillain.fr\/?p=1278","title":{"rendered":"Inauguration caserne des pompiers de Villebrumier"},"content":{"rendered":"\n<p>La caserne des pompiers de Villebrumier abrite le service de secours d\u00e9partemental d&rsquo;incendie et de  secours aux personnes qui couvre les communes de Orgueil, Nohic, Villebrumier, Reyni\u00e8s, Varennes et Saint-Nauphary. <\/p>\n\n\n\n<p>En ce samedi 18 octobre 2024 avait lieu l&rsquo;inauguration de la nouvelle caserne. L&rsquo;ancienne avait \u00e9t\u00e9 construite il y a 70 ans, il \u00e9tait temps d&rsquo;en avoir une plus adapt\u00e9e aux besoins actuels.<\/p>\n\n\n\n<p>Cette caserne a \u00e9t\u00e9 financ\u00e9e par le d\u00e9partement et les communes. Les travaux ont dur\u00e9 une ann\u00e9e. La caserne est fonctionnelle et moderne, le budget serr\u00e9 a \u00e9t\u00e9 tenu.<\/p>\n\n\n\n<p>La c\u00e9r\u00e9monie d&rsquo;inauguration \u00e9tait pr\u00e9sid\u00e9e par Mme B\u00e9n\u00e9dicte MARTINEAU sous-pr\u00e9f\u00e8te Directrice de Cabinet repr\u00e9sentant Monsieur le&nbsp;<a href=\"https:\/\/www.facebook.com\/Prefet82?__cft__[0]=AZWJDZ81oh_3kjI75fe8txmy816QO23sxYLAUpfQ-VLp9JGov3o_pCOl-0I_TgrzzneTOG23_4nMJ6bMd2MljwzDTW3sr2mCcLRHRJbvNOSy4EVp5mwL3ucZyv-Hp3DU9s0mK88xUy2gKaSjMLH5i18GWvaXj95_F4wQbsliedSSgCvBURKEOXX0VRDh-juLyDdfBvaOg8nhCZhsP0uGS79N&amp;__tn__=-]K-R\">Pr\u00e9fet de Tarn-et-Garonne<\/a> et Monsieur Michel WEILL pr\u00e9sident du Conseil d\u00e9partemental du Tarn-et-Garonne en pr\u00e9sence des maires et repr\u00e9sentants des maires des communes de Orgueil, Nohic, Villebrumier, Reyni\u00e8s, Varennes et Saint-Nauphary, de madame le maire de Corbarieu, de monsieur J\u00e9r\u00f4me BEQ conseiller d\u00e9partemental maire de Labastide-Saint-Pierre, de conseillers d\u00e9partementaux, d&rsquo;\u00e9lus des communes, de repr\u00e9sentants des services incendie du d\u00e9partement, de repr\u00e9sentants de la gendarmerie.<\/p>\n\n\n\n<p>Les officiels sont arriv\u00e9s. La mise en place se termine, les pompiers, les anciens pompiers, les jeunes sapeurs pompiers et les repr\u00e9sentants du SDIS sont en place. La c\u00e9r\u00e9monie va commencer.<\/p>\n\n\n\n<figure class=\"wp-block-gallery aligncenter has-nested-images columns-5 wp-block-gallery-1 is-layout-flex wp-block-gallery-is-layout-flex\">\n<figure class=\"wp-block-image size-full\"><a href=\"https:\/\/orgueil82.jvillain.fr\/wp-content\/uploads\/2024\/inauguration_pompiers_villebrumier_202410189\/P1000184-scaled.jpg\"><img width=\"2560\" height=\"1922\" data-id=\"1348\"  alt=\"\" class=\"wp-image-1348 lws-optimize-lazyload\"\/ data-src=\"https:\/\/orgueil82.jvillain.fr\/wp-content\/uploads\/2024\/inauguration_pompiers_villebrumier_202410189\/P1000184-scaled.jpg\" srcset=\"https:\/\/orgueil82.jvillain.fr\/wp-content\/uploads\/2024\/inauguration_pompiers_villebrumier_202410189\/P1000184-scaled.jpg 2560w, https:\/\/orgueil82.jvillain.fr\/wp-content\/uploads\/2024\/inauguration_pompiers_villebrumier_202410189\/P1000184-300x225.jpg 300w, https:\/\/orgueil82.jvillain.fr\/wp-content\/uploads\/2024\/inauguration_pompiers_villebrumier_202410189\/P1000184-2048x1538.jpg 2048w, https:\/\/orgueil82.jvillain.fr\/wp-content\/uploads\/2024\/inauguration_pompiers_villebrumier_202410189\/P1000184-768x577.jpg 768w, https:\/\/orgueil82.jvillain.fr\/wp-content\/uploads\/2024\/inauguration_pompiers_villebrumier_202410189\/P1000184-1536x1153.jpg 1536w\" sizes=\"(max-width: 2560px) 100vw, 2560px\" \/><\/a><figcaption class=\"wp-element-caption\">Les autorit\u00e9s sont l\u00e0<\/figcaption><\/figure>\n\n\n\n<figure class=\"wp-block-image size-full\"><a href=\"https:\/\/orgueil82.jvillain.fr\/wp-content\/uploads\/2024\/inauguration_pompiers_villebrumier_202410189\/P1000191-scaled.jpg\"><img width=\"2560\" height=\"1922\" data-id=\"1347\"  alt=\"\" class=\"wp-image-1347 lws-optimize-lazyload\"\/ data-src=\"https:\/\/orgueil82.jvillain.fr\/wp-content\/uploads\/2024\/inauguration_pompiers_villebrumier_202410189\/P1000191-scaled.jpg\" srcset=\"https:\/\/orgueil82.jvillain.fr\/wp-content\/uploads\/2024\/inauguration_pompiers_villebrumier_202410189\/P1000191-scaled.jpg 2560w, https:\/\/orgueil82.jvillain.fr\/wp-content\/uploads\/2024\/inauguration_pompiers_villebrumier_202410189\/P1000191-300x225.jpg 300w, https:\/\/orgueil82.jvillain.fr\/wp-content\/uploads\/2024\/inauguration_pompiers_villebrumier_202410189\/P1000191-2048x1538.jpg 2048w, https:\/\/orgueil82.jvillain.fr\/wp-content\/uploads\/2024\/inauguration_pompiers_villebrumier_202410189\/P1000191-768x577.jpg 768w, https:\/\/orgueil82.jvillain.fr\/wp-content\/uploads\/2024\/inauguration_pompiers_villebrumier_202410189\/P1000191-1536x1153.jpg 1536w\" sizes=\"(max-width: 2560px) 100vw, 2560px\" \/><\/a><figcaption class=\"wp-element-caption\">Les \u00e9lus d\u00e9partementaux et municipaux<\/figcaption><\/figure>\n\n\n\n<figure class=\"wp-block-image size-full\"><a href=\"https:\/\/orgueil82.jvillain.fr\/wp-content\/uploads\/2024\/inauguration_pompiers_villebrumier_202410189\/P1000190-scaled.jpg\"><img width=\"2560\" height=\"1922\" data-id=\"1344\"  alt=\"\" class=\"wp-image-1344 lws-optimize-lazyload\"\/ data-src=\"https:\/\/orgueil82.jvillain.fr\/wp-content\/uploads\/2024\/inauguration_pompiers_villebrumier_202410189\/P1000190-scaled.jpg\" srcset=\"https:\/\/orgueil82.jvillain.fr\/wp-content\/uploads\/2024\/inauguration_pompiers_villebrumier_202410189\/P1000190-scaled.jpg 2560w, https:\/\/orgueil82.jvillain.fr\/wp-content\/uploads\/2024\/inauguration_pompiers_villebrumier_202410189\/P1000190-300x225.jpg 300w, https:\/\/orgueil82.jvillain.fr\/wp-content\/uploads\/2024\/inauguration_pompiers_villebrumier_202410189\/P1000190-2048x1538.jpg 2048w, https:\/\/orgueil82.jvillain.fr\/wp-content\/uploads\/2024\/inauguration_pompiers_villebrumier_202410189\/P1000190-768x577.jpg 768w, https:\/\/orgueil82.jvillain.fr\/wp-content\/uploads\/2024\/inauguration_pompiers_villebrumier_202410189\/P1000190-1536x1153.jpg 1536w\" sizes=\"(max-width: 2560px) 100vw, 2560px\" \/><\/a><\/figure>\n\n\n\n<figure class=\"wp-block-image size-full\"><a href=\"https:\/\/orgueil82.jvillain.fr\/wp-content\/uploads\/2024\/inauguration_pompiers_villebrumier_202410189\/P1000182-scaled.jpg\"><img width=\"2560\" height=\"1922\" data-id=\"1345\"  alt=\"\" class=\"wp-image-1345 lws-optimize-lazyload\"\/ data-src=\"https:\/\/orgueil82.jvillain.fr\/wp-content\/uploads\/2024\/inauguration_pompiers_villebrumier_202410189\/P1000182-scaled.jpg\" srcset=\"https:\/\/orgueil82.jvillain.fr\/wp-content\/uploads\/2024\/inauguration_pompiers_villebrumier_202410189\/P1000182-scaled.jpg 2560w, https:\/\/orgueil82.jvillain.fr\/wp-content\/uploads\/2024\/inauguration_pompiers_villebrumier_202410189\/P1000182-300x225.jpg 300w, https:\/\/orgueil82.jvillain.fr\/wp-content\/uploads\/2024\/inauguration_pompiers_villebrumier_202410189\/P1000182-2048x1538.jpg 2048w, https:\/\/orgueil82.jvillain.fr\/wp-content\/uploads\/2024\/inauguration_pompiers_villebrumier_202410189\/P1000182-768x577.jpg 768w, https:\/\/orgueil82.jvillain.fr\/wp-content\/uploads\/2024\/inauguration_pompiers_villebrumier_202410189\/P1000182-1536x1153.jpg 1536w\" sizes=\"(max-width: 2560px) 100vw, 2560px\" \/><\/a><figcaption class=\"wp-element-caption\">Les anciens pompiers<\/figcaption><\/figure>\n\n\n\n<figure class=\"wp-block-image size-full\"><a href=\"https:\/\/orgueil82.jvillain.fr\/wp-content\/uploads\/2024\/inauguration_pompiers_villebrumier_202410189\/P1000187-scaled.jpg\"><img width=\"2560\" height=\"1922\" data-id=\"1346\"  alt=\"\" class=\"wp-image-1346 lws-optimize-lazyload\"\/ data-src=\"https:\/\/orgueil82.jvillain.fr\/wp-content\/uploads\/2024\/inauguration_pompiers_villebrumier_202410189\/P1000187-scaled.jpg\" srcset=\"https:\/\/orgueil82.jvillain.fr\/wp-content\/uploads\/2024\/inauguration_pompiers_villebrumier_202410189\/P1000187-scaled.jpg 2560w, https:\/\/orgueil82.jvillain.fr\/wp-content\/uploads\/2024\/inauguration_pompiers_villebrumier_202410189\/P1000187-300x225.jpg 300w, https:\/\/orgueil82.jvillain.fr\/wp-content\/uploads\/2024\/inauguration_pompiers_villebrumier_202410189\/P1000187-2048x1538.jpg 2048w, https:\/\/orgueil82.jvillain.fr\/wp-content\/uploads\/2024\/inauguration_pompiers_villebrumier_202410189\/P1000187-768x577.jpg 768w, https:\/\/orgueil82.jvillain.fr\/wp-content\/uploads\/2024\/inauguration_pompiers_villebrumier_202410189\/P1000187-1536x1153.jpg 1536w\" sizes=\"(max-width: 2560px) 100vw, 2560px\" \/><\/a><figcaption class=\"wp-element-caption\">Les jeunes sapeurs pompiers<\/figcaption><\/figure>\n<\/figure>\n\n\n\n<p>Les officiels s&rsquo;avancent et sont accueillis par le capitaine S\u00e9bastien Tomas. Il vont se mettre en place devant le mat et le drapeau aux 3 couleurs s&rsquo;\u00e9l\u00e8ve dans le ciel.<\/p>\n\n\n\n<figure class=\"wp-block-gallery aligncenter has-nested-images columns-4 wp-block-gallery-2 is-layout-flex wp-block-gallery-is-layout-flex\">\n<figure class=\"wp-block-image size-large\"><a href=\"https:\/\/orgueil82.jvillain.fr\/wp-content\/uploads\/2024\/inauguration_pompiers_villebrumier_202410189\/P1000198-scaled.jpg\"><img width=\"2048\" height=\"1538\" data-id=\"1349\"  alt=\"\" class=\"wp-image-1349 lws-optimize-lazyload\"\/ data-src=\"https:\/\/orgueil82.jvillain.fr\/wp-content\/uploads\/2024\/inauguration_pompiers_villebrumier_202410189\/P1000198-2048x1538.jpg\" srcset=\"https:\/\/orgueil82.jvillain.fr\/wp-content\/uploads\/2024\/inauguration_pompiers_villebrumier_202410189\/P1000198-2048x1538.jpg 2048w, https:\/\/orgueil82.jvillain.fr\/wp-content\/uploads\/2024\/inauguration_pompiers_villebrumier_202410189\/P1000198-300x225.jpg 300w, https:\/\/orgueil82.jvillain.fr\/wp-content\/uploads\/2024\/inauguration_pompiers_villebrumier_202410189\/P1000198-768x577.jpg 768w, https:\/\/orgueil82.jvillain.fr\/wp-content\/uploads\/2024\/inauguration_pompiers_villebrumier_202410189\/P1000198-1536x1153.jpg 1536w\" sizes=\"(max-width: 2048px) 100vw, 2048px\" \/><\/a><figcaption class=\"wp-element-caption\">Les autorit\u00e9s s&rsquo;avancent<\/figcaption><\/figure>\n\n\n\n<figure class=\"wp-block-image size-large\"><a href=\"https:\/\/orgueil82.jvillain.fr\/wp-content\/uploads\/2024\/inauguration_pompiers_villebrumier_202410189\/P1000199-scaled.jpg\"><img width=\"2048\" height=\"1538\" data-id=\"1350\"  alt=\"\" class=\"wp-image-1350 lws-optimize-lazyload\"\/ data-src=\"https:\/\/orgueil82.jvillain.fr\/wp-content\/uploads\/2024\/inauguration_pompiers_villebrumier_202410189\/P1000199-2048x1538.jpg\" srcset=\"https:\/\/orgueil82.jvillain.fr\/wp-content\/uploads\/2024\/inauguration_pompiers_villebrumier_202410189\/P1000199-2048x1538.jpg 2048w, https:\/\/orgueil82.jvillain.fr\/wp-content\/uploads\/2024\/inauguration_pompiers_villebrumier_202410189\/P1000199-300x225.jpg 300w, https:\/\/orgueil82.jvillain.fr\/wp-content\/uploads\/2024\/inauguration_pompiers_villebrumier_202410189\/P1000199-768x577.jpg 768w, https:\/\/orgueil82.jvillain.fr\/wp-content\/uploads\/2024\/inauguration_pompiers_villebrumier_202410189\/P1000199-1536x1153.jpg 1536w\" sizes=\"(max-width: 2048px) 100vw, 2048px\" \/><\/a><figcaption class=\"wp-element-caption\">accueil des autorit\u00e9s<\/figcaption><\/figure>\n\n\n\n<figure class=\"wp-block-image size-large\"><a href=\"https:\/\/orgueil82.jvillain.fr\/wp-content\/uploads\/2024\/inauguration_pompiers_villebrumier_202410189\/P1000200-scaled.jpg\"><img width=\"2048\" height=\"1538\" data-id=\"1351\"  alt=\"\" class=\"wp-image-1351 lws-optimize-lazyload\"\/ data-src=\"https:\/\/orgueil82.jvillain.fr\/wp-content\/uploads\/2024\/inauguration_pompiers_villebrumier_202410189\/P1000200-2048x1538.jpg\" srcset=\"https:\/\/orgueil82.jvillain.fr\/wp-content\/uploads\/2024\/inauguration_pompiers_villebrumier_202410189\/P1000200-2048x1538.jpg 2048w, https:\/\/orgueil82.jvillain.fr\/wp-content\/uploads\/2024\/inauguration_pompiers_villebrumier_202410189\/P1000200-300x225.jpg 300w, https:\/\/orgueil82.jvillain.fr\/wp-content\/uploads\/2024\/inauguration_pompiers_villebrumier_202410189\/P1000200-768x577.jpg 768w, https:\/\/orgueil82.jvillain.fr\/wp-content\/uploads\/2024\/inauguration_pompiers_villebrumier_202410189\/P1000200-1536x1153.jpg 1536w\" sizes=\"(max-width: 2048px) 100vw, 2048px\" \/><\/a><\/figure>\n\n\n\n<figure class=\"wp-block-image size-large\"><a href=\"https:\/\/orgueil82.jvillain.fr\/wp-content\/uploads\/2024\/inauguration_pompiers_villebrumier_202410189\/P1000203-scaled.jpg\"><img width=\"2048\" height=\"1538\" data-id=\"1352\"  alt=\"\" class=\"wp-image-1352 lws-optimize-lazyload\"\/ data-src=\"https:\/\/orgueil82.jvillain.fr\/wp-content\/uploads\/2024\/inauguration_pompiers_villebrumier_202410189\/P1000203-2048x1538.jpg\" srcset=\"https:\/\/orgueil82.jvillain.fr\/wp-content\/uploads\/2024\/inauguration_pompiers_villebrumier_202410189\/P1000203-2048x1538.jpg 2048w, https:\/\/orgueil82.jvillain.fr\/wp-content\/uploads\/2024\/inauguration_pompiers_villebrumier_202410189\/P1000203-300x225.jpg 300w, https:\/\/orgueil82.jvillain.fr\/wp-content\/uploads\/2024\/inauguration_pompiers_villebrumier_202410189\/P1000203-768x577.jpg 768w, https:\/\/orgueil82.jvillain.fr\/wp-content\/uploads\/2024\/inauguration_pompiers_villebrumier_202410189\/P1000203-1536x1153.jpg 1536w\" sizes=\"(max-width: 2048px) 100vw, 2048px\" \/><\/a><figcaption class=\"wp-element-caption\">Salut aux couleurs<\/figcaption><\/figure>\n<\/figure>\n\n\n\n<p>Ensuite, les officiels passent les troupes en revues puis viennent se mettre devant les \u00e9lus.<\/p>\n\n\n\n<figure class=\"wp-block-gallery aligncenter has-nested-images columns-default wp-block-gallery-3 is-layout-flex wp-block-gallery-is-layout-flex\">\n<figure class=\"wp-block-image size-large\"><a href=\"https:\/\/orgueil82.jvillain.fr\/wp-content\/uploads\/2024\/inauguration_pompiers_villebrumier_202410189\/P1000208-scaled.jpg\"><img width=\"2048\" height=\"1538\" data-id=\"1353\"  alt=\"\" class=\"wp-image-1353 lws-optimize-lazyload\"\/ data-src=\"https:\/\/orgueil82.jvillain.fr\/wp-content\/uploads\/2024\/inauguration_pompiers_villebrumier_202410189\/P1000208-2048x1538.jpg\" srcset=\"https:\/\/orgueil82.jvillain.fr\/wp-content\/uploads\/2024\/inauguration_pompiers_villebrumier_202410189\/P1000208-2048x1538.jpg 2048w, https:\/\/orgueil82.jvillain.fr\/wp-content\/uploads\/2024\/inauguration_pompiers_villebrumier_202410189\/P1000208-300x225.jpg 300w, https:\/\/orgueil82.jvillain.fr\/wp-content\/uploads\/2024\/inauguration_pompiers_villebrumier_202410189\/P1000208-768x577.jpg 768w, https:\/\/orgueil82.jvillain.fr\/wp-content\/uploads\/2024\/inauguration_pompiers_villebrumier_202410189\/P1000208-1536x1153.jpg 1536w\" sizes=\"(max-width: 2048px) 100vw, 2048px\" \/><\/a><figcaption class=\"wp-element-caption\">Revue des troupes<\/figcaption><\/figure>\n\n\n\n<figure class=\"wp-block-image size-large\"><a href=\"https:\/\/orgueil82.jvillain.fr\/wp-content\/uploads\/2024\/inauguration_pompiers_villebrumier_202410189\/P1000209-scaled.jpg\"><img width=\"2048\" height=\"1538\" data-id=\"1354\"  alt=\"\" class=\"wp-image-1354 lws-optimize-lazyload\"\/ data-src=\"https:\/\/orgueil82.jvillain.fr\/wp-content\/uploads\/2024\/inauguration_pompiers_villebrumier_202410189\/P1000209-2048x1538.jpg\" srcset=\"https:\/\/orgueil82.jvillain.fr\/wp-content\/uploads\/2024\/inauguration_pompiers_villebrumier_202410189\/P1000209-2048x1538.jpg 2048w, https:\/\/orgueil82.jvillain.fr\/wp-content\/uploads\/2024\/inauguration_pompiers_villebrumier_202410189\/P1000209-300x225.jpg 300w, https:\/\/orgueil82.jvillain.fr\/wp-content\/uploads\/2024\/inauguration_pompiers_villebrumier_202410189\/P1000209-768x577.jpg 768w, https:\/\/orgueil82.jvillain.fr\/wp-content\/uploads\/2024\/inauguration_pompiers_villebrumier_202410189\/P1000209-1536x1153.jpg 1536w\" sizes=\"(max-width: 2048px) 100vw, 2048px\" \/><\/a><\/figure>\n\n\n\n<figure class=\"wp-block-image size-large\"><a href=\"https:\/\/orgueil82.jvillain.fr\/wp-content\/uploads\/2024\/inauguration_pompiers_villebrumier_202410189\/P1000211-scaled.jpg\"><img width=\"2048\" height=\"1538\" data-id=\"1355\"  alt=\"\" class=\"wp-image-1355 lws-optimize-lazyload\"\/ data-src=\"https:\/\/orgueil82.jvillain.fr\/wp-content\/uploads\/2024\/inauguration_pompiers_villebrumier_202410189\/P1000211-2048x1538.jpg\" srcset=\"https:\/\/orgueil82.jvillain.fr\/wp-content\/uploads\/2024\/inauguration_pompiers_villebrumier_202410189\/P1000211-2048x1538.jpg 2048w, https:\/\/orgueil82.jvillain.fr\/wp-content\/uploads\/2024\/inauguration_pompiers_villebrumier_202410189\/P1000211-300x225.jpg 300w, https:\/\/orgueil82.jvillain.fr\/wp-content\/uploads\/2024\/inauguration_pompiers_villebrumier_202410189\/P1000211-768x577.jpg 768w, https:\/\/orgueil82.jvillain.fr\/wp-content\/uploads\/2024\/inauguration_pompiers_villebrumier_202410189\/P1000211-1536x1153.jpg 1536w\" sizes=\"(max-width: 2048px) 100vw, 2048px\" \/><\/a><\/figure>\n<\/figure>\n\n\n\n<p>Les officiels se d\u00e9place devant le monument en m\u00e9moire des sapeurs-pompiers de Villebrumier et de toute la France victimes du devoir, une gerbe y est d\u00e9pos\u00e9e. Une minute de silence &#8230; puis la Marseillaise retentit.<\/p>\n\n\n\n<figure class=\"wp-block-gallery aligncenter has-nested-images columns-4 wp-block-gallery-4 is-layout-flex wp-block-gallery-is-layout-flex\">\n<figure class=\"wp-block-image size-large\"><a href=\"https:\/\/orgueil82.jvillain.fr\/wp-content\/uploads\/2024\/inauguration_pompiers_villebrumier_202410189\/P1000214-scaled.jpg\"><img width=\"2048\" height=\"1538\" data-id=\"1356\"  alt=\"\" class=\"wp-image-1356 lws-optimize-lazyload\"\/ data-src=\"https:\/\/orgueil82.jvillain.fr\/wp-content\/uploads\/2024\/inauguration_pompiers_villebrumier_202410189\/P1000214-2048x1538.jpg\" srcset=\"https:\/\/orgueil82.jvillain.fr\/wp-content\/uploads\/2024\/inauguration_pompiers_villebrumier_202410189\/P1000214-2048x1538.jpg 2048w, https:\/\/orgueil82.jvillain.fr\/wp-content\/uploads\/2024\/inauguration_pompiers_villebrumier_202410189\/P1000214-300x225.jpg 300w, https:\/\/orgueil82.jvillain.fr\/wp-content\/uploads\/2024\/inauguration_pompiers_villebrumier_202410189\/P1000214-768x577.jpg 768w, https:\/\/orgueil82.jvillain.fr\/wp-content\/uploads\/2024\/inauguration_pompiers_villebrumier_202410189\/P1000214-1536x1153.jpg 1536w\" sizes=\"(max-width: 2048px) 100vw, 2048px\" \/><\/a><\/figure>\n\n\n\n<figure class=\"wp-block-image size-large\"><a href=\"https:\/\/orgueil82.jvillain.fr\/wp-content\/uploads\/2024\/inauguration_pompiers_villebrumier_202410189\/P1000216-scaled.jpg\"><img width=\"2048\" height=\"1538\" data-id=\"1357\"  alt=\"\" class=\"wp-image-1357 lws-optimize-lazyload\"\/ data-src=\"https:\/\/orgueil82.jvillain.fr\/wp-content\/uploads\/2024\/inauguration_pompiers_villebrumier_202410189\/P1000216-2048x1538.jpg\" srcset=\"https:\/\/orgueil82.jvillain.fr\/wp-content\/uploads\/2024\/inauguration_pompiers_villebrumier_202410189\/P1000216-2048x1538.jpg 2048w, https:\/\/orgueil82.jvillain.fr\/wp-content\/uploads\/2024\/inauguration_pompiers_villebrumier_202410189\/P1000216-300x225.jpg 300w, https:\/\/orgueil82.jvillain.fr\/wp-content\/uploads\/2024\/inauguration_pompiers_villebrumier_202410189\/P1000216-768x577.jpg 768w, https:\/\/orgueil82.jvillain.fr\/wp-content\/uploads\/2024\/inauguration_pompiers_villebrumier_202410189\/P1000216-1536x1153.jpg 1536w\" sizes=\"(max-width: 2048px) 100vw, 2048px\" \/><\/a><figcaption class=\"wp-element-caption\">D\u00e9p\u00f4t de la gerbe<\/figcaption><\/figure>\n\n\n\n<figure class=\"wp-block-image size-large\"><a href=\"https:\/\/orgueil82.jvillain.fr\/wp-content\/uploads\/2024\/inauguration_pompiers_villebrumier_202410189\/P1000217-scaled.jpg\"><img width=\"2048\" height=\"1538\" data-id=\"1358\"  alt=\"\" class=\"wp-image-1358 lws-optimize-lazyload\"\/ data-src=\"https:\/\/orgueil82.jvillain.fr\/wp-content\/uploads\/2024\/inauguration_pompiers_villebrumier_202410189\/P1000217-2048x1538.jpg\" srcset=\"https:\/\/orgueil82.jvillain.fr\/wp-content\/uploads\/2024\/inauguration_pompiers_villebrumier_202410189\/P1000217-2048x1538.jpg 2048w, https:\/\/orgueil82.jvillain.fr\/wp-content\/uploads\/2024\/inauguration_pompiers_villebrumier_202410189\/P1000217-300x225.jpg 300w, https:\/\/orgueil82.jvillain.fr\/wp-content\/uploads\/2024\/inauguration_pompiers_villebrumier_202410189\/P1000217-768x577.jpg 768w, https:\/\/orgueil82.jvillain.fr\/wp-content\/uploads\/2024\/inauguration_pompiers_villebrumier_202410189\/P1000217-1536x1153.jpg 1536w\" sizes=\"(max-width: 2048px) 100vw, 2048px\" \/><\/a><figcaption class=\"wp-element-caption\">Minute de silence<\/figcaption><\/figure>\n\n\n\n<figure class=\"wp-block-image size-large\"><a href=\"https:\/\/orgueil82.jvillain.fr\/wp-content\/uploads\/2024\/inauguration_pompiers_villebrumier_202410189\/P1000219-scaled.jpg\"><img width=\"2048\" height=\"1538\" data-id=\"1359\"  alt=\"\" class=\"wp-image-1359 lws-optimize-lazyload\"\/ data-src=\"https:\/\/orgueil82.jvillain.fr\/wp-content\/uploads\/2024\/inauguration_pompiers_villebrumier_202410189\/P1000219-2048x1538.jpg\" srcset=\"https:\/\/orgueil82.jvillain.fr\/wp-content\/uploads\/2024\/inauguration_pompiers_villebrumier_202410189\/P1000219-2048x1538.jpg 2048w, https:\/\/orgueil82.jvillain.fr\/wp-content\/uploads\/2024\/inauguration_pompiers_villebrumier_202410189\/P1000219-300x225.jpg 300w, https:\/\/orgueil82.jvillain.fr\/wp-content\/uploads\/2024\/inauguration_pompiers_villebrumier_202410189\/P1000219-768x577.jpg 768w, https:\/\/orgueil82.jvillain.fr\/wp-content\/uploads\/2024\/inauguration_pompiers_villebrumier_202410189\/P1000219-1536x1153.jpg 1536w\" sizes=\"(max-width: 2048px) 100vw, 2048px\" \/><\/a><\/figure>\n<\/figure>\n\n\n\n<p>C&rsquo;est maintenant le moment d&rsquo;inaugurer la caserne en coupant le traditionnel ruban, pour cela les officiels et tous les maires et repr\u00e9sentants des maires vont se mettre devant la porte d&rsquo;entr\u00e9e du b\u00e2timent. <\/p>\n\n\n\n<figure class=\"wp-block-gallery aligncenter has-nested-images columns-5 wp-block-gallery-5 is-layout-flex wp-block-gallery-is-layout-flex\">\n<figure class=\"wp-block-image size-full\"><a href=\"https:\/\/orgueil82.jvillain.fr\/wp-content\/uploads\/2024\/inauguration_pompiers_villebrumier_202410189\/P1000221-scaled.jpg\"><img width=\"2560\" height=\"1922\" data-id=\"1360\"  alt=\"\" class=\"wp-image-1360 lws-optimize-lazyload\"\/ data-src=\"https:\/\/orgueil82.jvillain.fr\/wp-content\/uploads\/2024\/inauguration_pompiers_villebrumier_202410189\/P1000221-scaled.jpg\" srcset=\"https:\/\/orgueil82.jvillain.fr\/wp-content\/uploads\/2024\/inauguration_pompiers_villebrumier_202410189\/P1000221-scaled.jpg 2560w, https:\/\/orgueil82.jvillain.fr\/wp-content\/uploads\/2024\/inauguration_pompiers_villebrumier_202410189\/P1000221-300x225.jpg 300w, https:\/\/orgueil82.jvillain.fr\/wp-content\/uploads\/2024\/inauguration_pompiers_villebrumier_202410189\/P1000221-2048x1538.jpg 2048w, https:\/\/orgueil82.jvillain.fr\/wp-content\/uploads\/2024\/inauguration_pompiers_villebrumier_202410189\/P1000221-768x577.jpg 768w, https:\/\/orgueil82.jvillain.fr\/wp-content\/uploads\/2024\/inauguration_pompiers_villebrumier_202410189\/P1000221-1536x1153.jpg 1536w\" sizes=\"(max-width: 2560px) 100vw, 2560px\" \/><\/a><\/figure>\n\n\n\n<figure class=\"wp-block-image size-full\"><a href=\"https:\/\/orgueil82.jvillain.fr\/wp-content\/uploads\/2024\/inauguration_pompiers_villebrumier_202410189\/P1000226-scaled.jpg\"><img width=\"2560\" height=\"1922\" data-id=\"1361\"  alt=\"\" class=\"wp-image-1361 lws-optimize-lazyload\"\/ data-src=\"https:\/\/orgueil82.jvillain.fr\/wp-content\/uploads\/2024\/inauguration_pompiers_villebrumier_202410189\/P1000226-scaled.jpg\" srcset=\"https:\/\/orgueil82.jvillain.fr\/wp-content\/uploads\/2024\/inauguration_pompiers_villebrumier_202410189\/P1000226-scaled.jpg 2560w, https:\/\/orgueil82.jvillain.fr\/wp-content\/uploads\/2024\/inauguration_pompiers_villebrumier_202410189\/P1000226-300x225.jpg 300w, https:\/\/orgueil82.jvillain.fr\/wp-content\/uploads\/2024\/inauguration_pompiers_villebrumier_202410189\/P1000226-2048x1538.jpg 2048w, https:\/\/orgueil82.jvillain.fr\/wp-content\/uploads\/2024\/inauguration_pompiers_villebrumier_202410189\/P1000226-768x577.jpg 768w, https:\/\/orgueil82.jvillain.fr\/wp-content\/uploads\/2024\/inauguration_pompiers_villebrumier_202410189\/P1000226-1536x1153.jpg 1536w\" sizes=\"(max-width: 2560px) 100vw, 2560px\" \/><\/a><\/figure>\n\n\n\n<figure class=\"wp-block-image size-full\"><a href=\"https:\/\/orgueil82.jvillain.fr\/wp-content\/uploads\/2024\/inauguration_pompiers_villebrumier_202410189\/P1000227-scaled.jpg\"><img width=\"2560\" height=\"1922\" data-id=\"1362\"  alt=\"\" class=\"wp-image-1362 lws-optimize-lazyload\"\/ data-src=\"https:\/\/orgueil82.jvillain.fr\/wp-content\/uploads\/2024\/inauguration_pompiers_villebrumier_202410189\/P1000227-scaled.jpg\" srcset=\"https:\/\/orgueil82.jvillain.fr\/wp-content\/uploads\/2024\/inauguration_pompiers_villebrumier_202410189\/P1000227-scaled.jpg 2560w, https:\/\/orgueil82.jvillain.fr\/wp-content\/uploads\/2024\/inauguration_pompiers_villebrumier_202410189\/P1000227-300x225.jpg 300w, https:\/\/orgueil82.jvillain.fr\/wp-content\/uploads\/2024\/inauguration_pompiers_villebrumier_202410189\/P1000227-2048x1538.jpg 2048w, https:\/\/orgueil82.jvillain.fr\/wp-content\/uploads\/2024\/inauguration_pompiers_villebrumier_202410189\/P1000227-768x577.jpg 768w, https:\/\/orgueil82.jvillain.fr\/wp-content\/uploads\/2024\/inauguration_pompiers_villebrumier_202410189\/P1000227-1536x1153.jpg 1536w\" sizes=\"(max-width: 2560px) 100vw, 2560px\" \/><\/a><\/figure>\n\n\n\n<figure class=\"wp-block-image size-full\"><a href=\"https:\/\/orgueil82.jvillain.fr\/wp-content\/uploads\/2024\/inauguration_pompiers_villebrumier_202410189\/P1000228-scaled.jpg\"><img width=\"2560\" height=\"1922\" data-id=\"1363\"  alt=\"\" class=\"wp-image-1363 lws-optimize-lazyload\"\/ data-src=\"https:\/\/orgueil82.jvillain.fr\/wp-content\/uploads\/2024\/inauguration_pompiers_villebrumier_202410189\/P1000228-scaled.jpg\" srcset=\"https:\/\/orgueil82.jvillain.fr\/wp-content\/uploads\/2024\/inauguration_pompiers_villebrumier_202410189\/P1000228-scaled.jpg 2560w, https:\/\/orgueil82.jvillain.fr\/wp-content\/uploads\/2024\/inauguration_pompiers_villebrumier_202410189\/P1000228-300x225.jpg 300w, https:\/\/orgueil82.jvillain.fr\/wp-content\/uploads\/2024\/inauguration_pompiers_villebrumier_202410189\/P1000228-2048x1538.jpg 2048w, https:\/\/orgueil82.jvillain.fr\/wp-content\/uploads\/2024\/inauguration_pompiers_villebrumier_202410189\/P1000228-768x577.jpg 768w, https:\/\/orgueil82.jvillain.fr\/wp-content\/uploads\/2024\/inauguration_pompiers_villebrumier_202410189\/P1000228-1536x1153.jpg 1536w\" sizes=\"(max-width: 2560px) 100vw, 2560px\" \/><\/a><figcaption class=\"wp-element-caption\">Monsieur Michel WEILL coupe le ruban<\/figcaption><\/figure>\n\n\n\n<figure class=\"wp-block-image size-full\"><a href=\"https:\/\/orgueil82.jvillain.fr\/wp-content\/uploads\/2024\/inauguration_pompiers_villebrumier_202410189\/P1000229-scaled.jpg\"><img width=\"2560\" height=\"1922\" data-id=\"1364\"  alt=\"\" class=\"wp-image-1364 lws-optimize-lazyload\"\/ data-src=\"https:\/\/orgueil82.jvillain.fr\/wp-content\/uploads\/2024\/inauguration_pompiers_villebrumier_202410189\/P1000229-scaled.jpg\" srcset=\"https:\/\/orgueil82.jvillain.fr\/wp-content\/uploads\/2024\/inauguration_pompiers_villebrumier_202410189\/P1000229-scaled.jpg 2560w, https:\/\/orgueil82.jvillain.fr\/wp-content\/uploads\/2024\/inauguration_pompiers_villebrumier_202410189\/P1000229-300x225.jpg 300w, https:\/\/orgueil82.jvillain.fr\/wp-content\/uploads\/2024\/inauguration_pompiers_villebrumier_202410189\/P1000229-2048x1538.jpg 2048w, https:\/\/orgueil82.jvillain.fr\/wp-content\/uploads\/2024\/inauguration_pompiers_villebrumier_202410189\/P1000229-768x577.jpg 768w, https:\/\/orgueil82.jvillain.fr\/wp-content\/uploads\/2024\/inauguration_pompiers_villebrumier_202410189\/P1000229-1536x1153.jpg 1536w\" sizes=\"(max-width: 2560px) 100vw, 2560px\" \/><\/a><figcaption class=\"wp-element-caption\">Le ruban est coup\u00e9<\/figcaption><\/figure>\n<\/figure>\n\n\n\n<p>Apr\u00e8s cela, les officiels entre dans le b\u00e2timent pour visiter l&rsquo;int\u00e9rieur de la caserne, on lib\u00e8re les troupes et tout le monde peut d\u00e9ambuler, c&rsquo;est l&rsquo;occasion de regarder le m\u00e9morial de plus pr\u00e8s. Puis tout le monde se rend dans le grand garage des v\u00e9hicules o\u00f9 vont avoir lieu les discours.<\/p>\n\n\n\n<figure class=\"wp-block-gallery aligncenter has-nested-images columns-5 wp-block-gallery-6 is-layout-flex wp-block-gallery-is-layout-flex\">\n<figure class=\"wp-block-image size-large\"><a href=\"https:\/\/orgueil82.jvillain.fr\/wp-content\/uploads\/2024\/inauguration_pompiers_villebrumier_202410189\/P1000240-scaled.jpg\"><img width=\"2048\" height=\"1538\" data-id=\"1365\"  alt=\"\" class=\"wp-image-1365 lws-optimize-lazyload\"\/ data-src=\"https:\/\/orgueil82.jvillain.fr\/wp-content\/uploads\/2024\/inauguration_pompiers_villebrumier_202410189\/P1000240-2048x1538.jpg\" srcset=\"https:\/\/orgueil82.jvillain.fr\/wp-content\/uploads\/2024\/inauguration_pompiers_villebrumier_202410189\/P1000240-2048x1538.jpg 2048w, https:\/\/orgueil82.jvillain.fr\/wp-content\/uploads\/2024\/inauguration_pompiers_villebrumier_202410189\/P1000240-300x225.jpg 300w, https:\/\/orgueil82.jvillain.fr\/wp-content\/uploads\/2024\/inauguration_pompiers_villebrumier_202410189\/P1000240-768x577.jpg 768w, https:\/\/orgueil82.jvillain.fr\/wp-content\/uploads\/2024\/inauguration_pompiers_villebrumier_202410189\/P1000240-1536x1153.jpg 1536w\" sizes=\"(max-width: 2048px) 100vw, 2048px\" \/><\/a><figcaption class=\"wp-element-caption\">Le m\u00e9morial<\/figcaption><\/figure>\n\n\n\n<figure class=\"wp-block-image size-large\"><a href=\"https:\/\/orgueil82.jvillain.fr\/wp-content\/uploads\/2024\/inauguration_pompiers_villebrumier_202410189\/P1000243-scaled.jpg\"><img width=\"2048\" height=\"1538\" data-id=\"1366\"  alt=\"\" class=\"wp-image-1366 lws-optimize-lazyload\"\/ data-src=\"https:\/\/orgueil82.jvillain.fr\/wp-content\/uploads\/2024\/inauguration_pompiers_villebrumier_202410189\/P1000243-2048x1538.jpg\" srcset=\"https:\/\/orgueil82.jvillain.fr\/wp-content\/uploads\/2024\/inauguration_pompiers_villebrumier_202410189\/P1000243-2048x1538.jpg 2048w, https:\/\/orgueil82.jvillain.fr\/wp-content\/uploads\/2024\/inauguration_pompiers_villebrumier_202410189\/P1000243-300x225.jpg 300w, https:\/\/orgueil82.jvillain.fr\/wp-content\/uploads\/2024\/inauguration_pompiers_villebrumier_202410189\/P1000243-768x577.jpg 768w, https:\/\/orgueil82.jvillain.fr\/wp-content\/uploads\/2024\/inauguration_pompiers_villebrumier_202410189\/P1000243-1536x1153.jpg 1536w\" sizes=\"(max-width: 2048px) 100vw, 2048px\" \/><\/a><figcaption class=\"wp-element-caption\">Les officiels sont en train de visiter les locaux<\/figcaption><\/figure>\n\n\n\n<figure class=\"wp-block-image size-large\"><a href=\"https:\/\/orgueil82.jvillain.fr\/wp-content\/uploads\/2024\/inauguration_pompiers_villebrumier_202410189\/P1000247-scaled.jpg\"><img width=\"2048\" height=\"1538\" data-id=\"1367\"  alt=\"\" class=\"wp-image-1367 lws-optimize-lazyload\"\/ data-src=\"https:\/\/orgueil82.jvillain.fr\/wp-content\/uploads\/2024\/inauguration_pompiers_villebrumier_202410189\/P1000247-2048x1538.jpg\" srcset=\"https:\/\/orgueil82.jvillain.fr\/wp-content\/uploads\/2024\/inauguration_pompiers_villebrumier_202410189\/P1000247-2048x1538.jpg 2048w, https:\/\/orgueil82.jvillain.fr\/wp-content\/uploads\/2024\/inauguration_pompiers_villebrumier_202410189\/P1000247-300x225.jpg 300w, https:\/\/orgueil82.jvillain.fr\/wp-content\/uploads\/2024\/inauguration_pompiers_villebrumier_202410189\/P1000247-768x577.jpg 768w, https:\/\/orgueil82.jvillain.fr\/wp-content\/uploads\/2024\/inauguration_pompiers_villebrumier_202410189\/P1000247-1536x1153.jpg 1536w\" sizes=\"(max-width: 2048px) 100vw, 2048px\" \/><\/a><figcaption class=\"wp-element-caption\">On attend les officiels pour le discours<\/figcaption><\/figure>\n\n\n\n<figure class=\"wp-block-image size-large\"><a href=\"https:\/\/orgueil82.jvillain.fr\/wp-content\/uploads\/2024\/inauguration_pompiers_villebrumier_202410189\/P1000251-scaled.jpg\"><img width=\"2048\" height=\"1538\" data-id=\"1368\"  alt=\"\" class=\"wp-image-1368 lws-optimize-lazyload\"\/ data-src=\"https:\/\/orgueil82.jvillain.fr\/wp-content\/uploads\/2024\/inauguration_pompiers_villebrumier_202410189\/P1000251-2048x1538.jpg\" srcset=\"https:\/\/orgueil82.jvillain.fr\/wp-content\/uploads\/2024\/inauguration_pompiers_villebrumier_202410189\/P1000251-2048x1538.jpg 2048w, https:\/\/orgueil82.jvillain.fr\/wp-content\/uploads\/2024\/inauguration_pompiers_villebrumier_202410189\/P1000251-300x225.jpg 300w, https:\/\/orgueil82.jvillain.fr\/wp-content\/uploads\/2024\/inauguration_pompiers_villebrumier_202410189\/P1000251-768x577.jpg 768w, https:\/\/orgueil82.jvillain.fr\/wp-content\/uploads\/2024\/inauguration_pompiers_villebrumier_202410189\/P1000251-1536x1153.jpg 1536w\" sizes=\"(max-width: 2048px) 100vw, 2048px\" \/><\/a><figcaption class=\"wp-element-caption\">Pierre BLANC, maire de Villebrumier et madame B\u00e9n\u00e9dicte MARTINEAU, sous-pr\u00e9f\u00e8te en pleine discussion<\/figcaption><\/figure>\n\n\n\n<figure class=\"wp-block-image size-large\"><a href=\"https:\/\/orgueil82.jvillain.fr\/wp-content\/uploads\/2024\/inauguration_pompiers_villebrumier_202410189\/P1000253-scaled.jpg\"><img width=\"2048\" height=\"1538\" data-id=\"1369\"  alt=\"\" class=\"wp-image-1369 lws-optimize-lazyload\"\/ data-src=\"https:\/\/orgueil82.jvillain.fr\/wp-content\/uploads\/2024\/inauguration_pompiers_villebrumier_202410189\/P1000253-2048x1538.jpg\" srcset=\"https:\/\/orgueil82.jvillain.fr\/wp-content\/uploads\/2024\/inauguration_pompiers_villebrumier_202410189\/P1000253-2048x1538.jpg 2048w, https:\/\/orgueil82.jvillain.fr\/wp-content\/uploads\/2024\/inauguration_pompiers_villebrumier_202410189\/P1000253-300x225.jpg 300w, https:\/\/orgueil82.jvillain.fr\/wp-content\/uploads\/2024\/inauguration_pompiers_villebrumier_202410189\/P1000253-768x577.jpg 768w, https:\/\/orgueil82.jvillain.fr\/wp-content\/uploads\/2024\/inauguration_pompiers_villebrumier_202410189\/P1000253-1536x1153.jpg 1536w\" sizes=\"(max-width: 2048px) 100vw, 2048px\" \/><\/a><\/figure>\n<\/figure>\n\n\n\n<p>Monsieur Michel WEILL pr\u00e9sident du Conseil d\u00e9partemental du Tarn-et-Garonne et Mme B\u00e9n\u00e9dicte MARTINEAU sous-pr\u00e9f\u00e8te Directrice de Cabinet repr\u00e9sentant Monsieur le&nbsp;<a href=\"https:\/\/www.facebook.com\/Prefet82?__cft__[0]=AZWJDZ81oh_3kjI75fe8txmy816QO23sxYLAUpfQ-VLp9JGov3o_pCOl-0I_TgrzzneTOG23_4nMJ6bMd2MljwzDTW3sr2mCcLRHRJbvNOSy4EVp5mwL3ucZyv-Hp3DU9s0mK88xUy2gKaSjMLH5i18GWvaXj95_F4wQbsliedSSgCvBURKEOXX0VRDh-juLyDdfBvaOg8nhCZhsP0uGS79N&amp;__tn__=-]K-R\">Pr\u00e9fet de Tarn-et-Garonne<\/a> prennent chacun la parole.<\/p>\n\n\n\n<figure class=\"wp-block-gallery aligncenter has-nested-images columns-5 wp-block-gallery-7 is-layout-flex wp-block-gallery-is-layout-flex\">\n<figure class=\"wp-block-image size-large\"><a href=\"https:\/\/orgueil82.jvillain.fr\/wp-content\/uploads\/2024\/inauguration_pompiers_villebrumier_202410189\/P1000258-scaled.jpg\"><img width=\"2048\" height=\"1538\" data-id=\"1370\"  alt=\"\" class=\"wp-image-1370 lws-optimize-lazyload\"\/ data-src=\"https:\/\/orgueil82.jvillain.fr\/wp-content\/uploads\/2024\/inauguration_pompiers_villebrumier_202410189\/P1000258-2048x1538.jpg\" srcset=\"https:\/\/orgueil82.jvillain.fr\/wp-content\/uploads\/2024\/inauguration_pompiers_villebrumier_202410189\/P1000258-2048x1538.jpg 2048w, https:\/\/orgueil82.jvillain.fr\/wp-content\/uploads\/2024\/inauguration_pompiers_villebrumier_202410189\/P1000258-300x225.jpg 300w, https:\/\/orgueil82.jvillain.fr\/wp-content\/uploads\/2024\/inauguration_pompiers_villebrumier_202410189\/P1000258-768x577.jpg 768w, https:\/\/orgueil82.jvillain.fr\/wp-content\/uploads\/2024\/inauguration_pompiers_villebrumier_202410189\/P1000258-1536x1153.jpg 1536w\" sizes=\"(max-width: 2048px) 100vw, 2048px\" \/><\/a><\/figure>\n\n\n\n<figure class=\"wp-block-image size-large\"><a href=\"https:\/\/orgueil82.jvillain.fr\/wp-content\/uploads\/2024\/inauguration_pompiers_villebrumier_202410189\/P1000262-scaled.jpg\"><img width=\"2048\" height=\"1538\" data-id=\"1373\"  alt=\"\" class=\"wp-image-1373 lws-optimize-lazyload\"\/ data-src=\"https:\/\/orgueil82.jvillain.fr\/wp-content\/uploads\/2024\/inauguration_pompiers_villebrumier_202410189\/P1000262-2048x1538.jpg\" srcset=\"https:\/\/orgueil82.jvillain.fr\/wp-content\/uploads\/2024\/inauguration_pompiers_villebrumier_202410189\/P1000262-2048x1538.jpg 2048w, https:\/\/orgueil82.jvillain.fr\/wp-content\/uploads\/2024\/inauguration_pompiers_villebrumier_202410189\/P1000262-300x225.jpg 300w, https:\/\/orgueil82.jvillain.fr\/wp-content\/uploads\/2024\/inauguration_pompiers_villebrumier_202410189\/P1000262-768x577.jpg 768w, https:\/\/orgueil82.jvillain.fr\/wp-content\/uploads\/2024\/inauguration_pompiers_villebrumier_202410189\/P1000262-1536x1153.jpg 1536w\" sizes=\"(max-width: 2048px) 100vw, 2048px\" \/><\/a><\/figure>\n\n\n\n<figure class=\"wp-block-image size-large\"><a href=\"https:\/\/orgueil82.jvillain.fr\/wp-content\/uploads\/2024\/inauguration_pompiers_villebrumier_202410189\/P1000270-scaled.jpg\"><img width=\"2048\" height=\"1538\" data-id=\"1372\"  alt=\"\" class=\"wp-image-1372 lws-optimize-lazyload\"\/ data-src=\"https:\/\/orgueil82.jvillain.fr\/wp-content\/uploads\/2024\/inauguration_pompiers_villebrumier_202410189\/P1000270-2048x1538.jpg\" srcset=\"https:\/\/orgueil82.jvillain.fr\/wp-content\/uploads\/2024\/inauguration_pompiers_villebrumier_202410189\/P1000270-2048x1538.jpg 2048w, https:\/\/orgueil82.jvillain.fr\/wp-content\/uploads\/2024\/inauguration_pompiers_villebrumier_202410189\/P1000270-300x225.jpg 300w, https:\/\/orgueil82.jvillain.fr\/wp-content\/uploads\/2024\/inauguration_pompiers_villebrumier_202410189\/P1000270-768x577.jpg 768w, https:\/\/orgueil82.jvillain.fr\/wp-content\/uploads\/2024\/inauguration_pompiers_villebrumier_202410189\/P1000270-1536x1153.jpg 1536w\" sizes=\"(max-width: 2048px) 100vw, 2048px\" \/><\/a><\/figure>\n\n\n\n<figure class=\"wp-block-image size-large\"><a href=\"https:\/\/orgueil82.jvillain.fr\/wp-content\/uploads\/2024\/inauguration_pompiers_villebrumier_202410189\/P1000265-scaled.jpg\"><img width=\"2048\" height=\"1538\" data-id=\"1375\"  alt=\"\" class=\"wp-image-1375 lws-optimize-lazyload\"\/ data-src=\"https:\/\/orgueil82.jvillain.fr\/wp-content\/uploads\/2024\/inauguration_pompiers_villebrumier_202410189\/P1000265-2048x1538.jpg\" srcset=\"https:\/\/orgueil82.jvillain.fr\/wp-content\/uploads\/2024\/inauguration_pompiers_villebrumier_202410189\/P1000265-2048x1538.jpg 2048w, https:\/\/orgueil82.jvillain.fr\/wp-content\/uploads\/2024\/inauguration_pompiers_villebrumier_202410189\/P1000265-300x225.jpg 300w, https:\/\/orgueil82.jvillain.fr\/wp-content\/uploads\/2024\/inauguration_pompiers_villebrumier_202410189\/P1000265-768x577.jpg 768w, https:\/\/orgueil82.jvillain.fr\/wp-content\/uploads\/2024\/inauguration_pompiers_villebrumier_202410189\/P1000265-1536x1153.jpg 1536w\" sizes=\"(max-width: 2048px) 100vw, 2048px\" \/><\/a><\/figure>\n\n\n\n<figure class=\"wp-block-image size-large\"><a href=\"https:\/\/orgueil82.jvillain.fr\/wp-content\/uploads\/2024\/inauguration_pompiers_villebrumier_202410189\/P1000269-scaled.jpg\"><img width=\"2048\" height=\"1538\" data-id=\"1374\"  alt=\"\" class=\"wp-image-1374 lws-optimize-lazyload\"\/ data-src=\"https:\/\/orgueil82.jvillain.fr\/wp-content\/uploads\/2024\/inauguration_pompiers_villebrumier_202410189\/P1000269-2048x1538.jpg\" srcset=\"https:\/\/orgueil82.jvillain.fr\/wp-content\/uploads\/2024\/inauguration_pompiers_villebrumier_202410189\/P1000269-2048x1538.jpg 2048w, https:\/\/orgueil82.jvillain.fr\/wp-content\/uploads\/2024\/inauguration_pompiers_villebrumier_202410189\/P1000269-300x225.jpg 300w, https:\/\/orgueil82.jvillain.fr\/wp-content\/uploads\/2024\/inauguration_pompiers_villebrumier_202410189\/P1000269-768x577.jpg 768w, https:\/\/orgueil82.jvillain.fr\/wp-content\/uploads\/2024\/inauguration_pompiers_villebrumier_202410189\/P1000269-1536x1153.jpg 1536w\" sizes=\"(max-width: 2048px) 100vw, 2048px\" \/><\/a><\/figure>\n<\/figure>\n\n\n\n<p>Et ensuite un vin d&rsquo;honneur a \u00e9t\u00e9 offert \u00e0 tous.<\/p>\n\n\n\n<p>Nos valeureux soldats du feu ont maintenant une caserne moderne et certainement bient\u00f4t de nouveaux v\u00e9hicules, choses indispensables pour qu&rsquo;ils puissent accomplir leurs missions de secours.<\/p>\n\n\n\n<p><em>Pour voir toutes les photos prises ce matin, rendez vous sur ce site : <\/em> <a href=\"https:\/\/photos.app.goo.gl\/hfRBo6aj5JcCEdhT7\">https:\/\/photos.app.goo.gl\/hfRBo6aj5JcCEdhT7<\/a><\/p>\n","protected":false},"excerpt":{"rendered":"<p>La caserne des pompiers de Villebrumier abrite le service de secours d\u00e9partemental d&rsquo;incendie et de secours aux personnes qui couvre les communes de Orgueil, Nohic, Villebrumier, Reyni\u00e8s, Varennes et Saint-Nauphary. En ce samedi 18 octobre 2024 avait lieu l&rsquo;inauguration de la nouvelle caserne. L&rsquo;ancienne avait \u00e9t\u00e9 construite il y a 70 ans, il \u00e9tait temps &#8230; <a title=\"Inauguration caserne des pompiers de Villebrumier\" class=\"read-more\" href=\"https:\/\/orgueil82.jvillain.fr\/?p=1278\" aria-label=\"En savoir plus sur Inauguration caserne des pompiers de Villebrumier\">Lire la suite<\/a><\/p>\n","protected":false},"author":1,"featured_media":1366,"comment_status":"closed","ping_status":"closed","sticky":false,"template":"","format":"standard","meta":{"_eb_attr":"","pgc_sgb_lightbox_settings":"","footnotes":""},"categories":[22],"tags":[],"class_list":["post-1278","post","type-post","status-publish","format-standard","has-post-thumbnail","hentry","category-orgueil"],"yoast_head":"<!-- This site is optimized with the Yoast SEO plugin v27.5 - https:\/\/yoast.com\/product\/yoast-seo-wordpress\/ -->\n<title>Inauguration caserne des pompiers de Villebrumier - Histoire et historique du village d&#039;Orgueil<\/title>\n<meta name=\"robots\" content=\"index, follow, max-snippet:-1, max-image-preview:large, max-video-preview:-1\" \/>\n<link rel=\"canonical\" href=\"https:\/\/orgueil82.jvillain.fr\/?p=1278\" \/>\n<meta property=\"og:locale\" content=\"fr_FR\" \/>\n<meta property=\"og:type\" content=\"article\" \/>\n<meta property=\"og:title\" content=\"Inauguration caserne des pompiers de Villebrumier - Histoire et historique du village d&#039;Orgueil\" \/>\n<meta property=\"og:description\" content=\"La caserne des pompiers de Villebrumier abrite le service de secours d\u00e9partemental d&rsquo;incendie et de secours aux personnes qui couvre les communes de Orgueil, Nohic, Villebrumier, Reyni\u00e8s, Varennes et Saint-Nauphary. En ce samedi 18 octobre 2024 avait lieu l&rsquo;inauguration de la nouvelle caserne. L&rsquo;ancienne avait \u00e9t\u00e9 construite il y a 70 ans, il \u00e9tait temps ... Lire la suite\" \/>\n<meta property=\"og:url\" content=\"https:\/\/orgueil82.jvillain.fr\/?p=1278\" \/>\n<meta property=\"og:site_name\" content=\"Histoire et historique du village d&#039;Orgueil\" \/>\n<meta property=\"article:published_time\" content=\"2024-10-19T21:43:49+00:00\" \/>\n<meta property=\"article:modified_time\" content=\"2025-09-24T16:39:19+00:00\" \/>\n<meta property=\"og:image\" content=\"https:\/\/orgueil82.jvillain.fr\/wp-content\/uploads\/2024\/inauguration_pompiers_villebrumier_202410189\/P1000243-scaled.jpg\" \/>\n\t<meta property=\"og:image:width\" content=\"2560\" \/>\n\t<meta property=\"og:image:height\" content=\"1922\" \/>\n\t<meta property=\"og:image:type\" content=\"image\/jpeg\" \/>\n<meta name=\"author\" content=\"adminhisto\" \/>\n<meta name=\"twitter:card\" content=\"summary_large_image\" \/>\n<meta name=\"twitter:label1\" content=\"\u00c9crit par\" \/>\n\t<meta name=\"twitter:data1\" content=\"adminhisto\" \/>\n\t<meta name=\"twitter:label2\" content=\"Dur\u00e9e de lecture estim\u00e9e\" \/>\n\t<meta name=\"twitter:data2\" content=\"10 minutes\" \/>\n<script type=\"application\/ld+json\" class=\"yoast-schema-graph\">{\"@context\":\"https:\\\/\\\/schema.org\",\"@graph\":[{\"@type\":\"Article\",\"@id\":\"https:\\\/\\\/orgueil82.jvillain.fr\\\/?p=1278#article\",\"isPartOf\":{\"@id\":\"https:\\\/\\\/orgueil82.jvillain.fr\\\/?p=1278\"},\"author\":{\"name\":\"adminhisto\",\"@id\":\"https:\\\/\\\/orgueil82.jvillain.fr\\\/#\\\/schema\\\/person\\\/53b110b4feb20f9ca1e2fd24833b0d2c\"},\"headline\":\"Inauguration caserne des pompiers de Villebrumier\",\"datePublished\":\"2024-10-19T21:43:49+00:00\",\"dateModified\":\"2025-09-24T16:39:19+00:00\",\"mainEntityOfPage\":{\"@id\":\"https:\\\/\\\/orgueil82.jvillain.fr\\\/?p=1278\"},\"wordCount\":616,\"publisher\":{\"@id\":\"https:\\\/\\\/orgueil82.jvillain.fr\\\/#organization\"},\"image\":{\"@id\":\"https:\\\/\\\/orgueil82.jvillain.fr\\\/?p=1278#primaryimage\"},\"thumbnailUrl\":\"https:\\\/\\\/orgueil82.jvillain.fr\\\/wp-content\\\/uploads\\\/2024\\\/inauguration_pompiers_villebrumier_202410189\\\/P1000243-scaled.jpg\",\"articleSection\":[\"Orgueil\"],\"inLanguage\":\"fr-FR\"},{\"@type\":\"WebPage\",\"@id\":\"https:\\\/\\\/orgueil82.jvillain.fr\\\/?p=1278\",\"url\":\"https:\\\/\\\/orgueil82.jvillain.fr\\\/?p=1278\",\"name\":\"Inauguration caserne des pompiers de Villebrumier - Histoire et historique du village d&#039;Orgueil\",\"isPartOf\":{\"@id\":\"https:\\\/\\\/orgueil82.jvillain.fr\\\/#website\"},\"primaryImageOfPage\":{\"@id\":\"https:\\\/\\\/orgueil82.jvillain.fr\\\/?p=1278#primaryimage\"},\"image\":{\"@id\":\"https:\\\/\\\/orgueil82.jvillain.fr\\\/?p=1278#primaryimage\"},\"thumbnailUrl\":\"https:\\\/\\\/orgueil82.jvillain.fr\\\/wp-content\\\/uploads\\\/2024\\\/inauguration_pompiers_villebrumier_202410189\\\/P1000243-scaled.jpg\",\"datePublished\":\"2024-10-19T21:43:49+00:00\",\"dateModified\":\"2025-09-24T16:39:19+00:00\",\"breadcrumb\":{\"@id\":\"https:\\\/\\\/orgueil82.jvillain.fr\\\/?p=1278#breadcrumb\"},\"inLanguage\":\"fr-FR\",\"potentialAction\":[{\"@type\":\"ReadAction\",\"target\":[\"https:\\\/\\\/orgueil82.jvillain.fr\\\/?p=1278\"]}]},{\"@type\":\"ImageObject\",\"inLanguage\":\"fr-FR\",\"@id\":\"https:\\\/\\\/orgueil82.jvillain.fr\\\/?p=1278#primaryimage\",\"url\":\"https:\\\/\\\/orgueil82.jvillain.fr\\\/wp-content\\\/uploads\\\/2024\\\/inauguration_pompiers_villebrumier_202410189\\\/P1000243-scaled.jpg\",\"contentUrl\":\"https:\\\/\\\/orgueil82.jvillain.fr\\\/wp-content\\\/uploads\\\/2024\\\/inauguration_pompiers_villebrumier_202410189\\\/P1000243-scaled.jpg\",\"width\":2560,\"height\":1922,\"caption\":\"Les officiels sont en train de visiter les locaux\"},{\"@type\":\"BreadcrumbList\",\"@id\":\"https:\\\/\\\/orgueil82.jvillain.fr\\\/?p=1278#breadcrumb\",\"itemListElement\":[{\"@type\":\"ListItem\",\"position\":1,\"name\":\"Home\",\"item\":\"https:\\\/\\\/orgueil82.jvillain.fr\\\/\"},{\"@type\":\"ListItem\",\"position\":2,\"name\":\"Inauguration caserne des pompiers de Villebrumier\"}]},{\"@type\":\"WebSite\",\"@id\":\"https:\\\/\\\/orgueil82.jvillain.fr\\\/#website\",\"url\":\"https:\\\/\\\/orgueil82.jvillain.fr\\\/\",\"name\":\"Histoire et historique du village d'Orgueil\",\"description\":\"Vivre \u00e0 Orgueil - Tarn-et-Garonne\",\"publisher\":{\"@id\":\"https:\\\/\\\/orgueil82.jvillain.fr\\\/#organization\"},\"potentialAction\":[{\"@type\":\"SearchAction\",\"target\":{\"@type\":\"EntryPoint\",\"urlTemplate\":\"https:\\\/\\\/orgueil82.jvillain.fr\\\/?s={search_term_string}\"},\"query-input\":{\"@type\":\"PropertyValueSpecification\",\"valueRequired\":true,\"valueName\":\"search_term_string\"}}],\"inLanguage\":\"fr-FR\"},{\"@type\":\"Organization\",\"@id\":\"https:\\\/\\\/orgueil82.jvillain.fr\\\/#organization\",\"name\":\"Histoire et historique du village d'Orgueil\",\"url\":\"https:\\\/\\\/orgueil82.jvillain.fr\\\/\",\"logo\":{\"@type\":\"ImageObject\",\"inLanguage\":\"fr-FR\",\"@id\":\"https:\\\/\\\/orgueil82.jvillain.fr\\\/#\\\/schema\\\/logo\\\/image\\\/\",\"url\":\"https:\\\/\\\/orgueil82.jvillain.fr\\\/wp-content\\\/uploads\\\/Orgueil\\\/orgueil3.gif\",\"contentUrl\":\"https:\\\/\\\/orgueil82.jvillain.fr\\\/wp-content\\\/uploads\\\/Orgueil\\\/orgueil3.gif\",\"width\":93,\"height\":62,\"caption\":\"Histoire et historique du village d'Orgueil\"},\"image\":{\"@id\":\"https:\\\/\\\/orgueil82.jvillain.fr\\\/#\\\/schema\\\/logo\\\/image\\\/\"}},{\"@type\":\"Person\",\"@id\":\"https:\\\/\\\/orgueil82.jvillain.fr\\\/#\\\/schema\\\/person\\\/53b110b4feb20f9ca1e2fd24833b0d2c\",\"name\":\"adminhisto\",\"image\":{\"@type\":\"ImageObject\",\"inLanguage\":\"fr-FR\",\"@id\":\"https:\\\/\\\/secure.gravatar.com\\\/avatar\\\/f3823b8100a2c1c14fb4ef84e9796f5c5cc50e439868014f68c9a7e8eee53737?s=96&d=mm&r=g\",\"url\":\"https:\\\/\\\/secure.gravatar.com\\\/avatar\\\/f3823b8100a2c1c14fb4ef84e9796f5c5cc50e439868014f68c9a7e8eee53737?s=96&d=mm&r=g\",\"contentUrl\":\"https:\\\/\\\/secure.gravatar.com\\\/avatar\\\/f3823b8100a2c1c14fb4ef84e9796f5c5cc50e439868014f68c9a7e8eee53737?s=96&d=mm&r=g\",\"caption\":\"adminhisto\"},\"sameAs\":[\"https:\\\/\\\/orgueil82.jvillain.fr\"],\"url\":\"https:\\\/\\\/orgueil82.jvillain.fr\\\/?author=1\"}]}<\/script>\n<!-- \/ Yoast SEO plugin. -->","yoast_head_json":{"title":"Inauguration caserne des pompiers de Villebrumier - Histoire et historique du village d&#039;Orgueil","robots":{"index":"index","follow":"follow","max-snippet":"max-snippet:-1","max-image-preview":"max-image-preview:large","max-video-preview":"max-video-preview:-1"},"canonical":"https:\/\/orgueil82.jvillain.fr\/?p=1278","og_locale":"fr_FR","og_type":"article","og_title":"Inauguration caserne des pompiers de Villebrumier - Histoire et historique du village d&#039;Orgueil","og_description":"La caserne des pompiers de Villebrumier abrite le service de secours d\u00e9partemental d&rsquo;incendie et de secours aux personnes qui couvre les communes de Orgueil, Nohic, Villebrumier, Reyni\u00e8s, Varennes et Saint-Nauphary. En ce samedi 18 octobre 2024 avait lieu l&rsquo;inauguration de la nouvelle caserne. L&rsquo;ancienne avait \u00e9t\u00e9 construite il y a 70 ans, il \u00e9tait temps ... Lire la suite","og_url":"https:\/\/orgueil82.jvillain.fr\/?p=1278","og_site_name":"Histoire et historique du village d&#039;Orgueil","article_published_time":"2024-10-19T21:43:49+00:00","article_modified_time":"2025-09-24T16:39:19+00:00","og_image":[{"width":2560,"height":1922,"url":"https:\/\/orgueil82.jvillain.fr\/wp-content\/uploads\/2024\/inauguration_pompiers_villebrumier_202410189\/P1000243-scaled.jpg","type":"image\/jpeg"}],"author":"adminhisto","twitter_card":"summary_large_image","twitter_misc":{"\u00c9crit par":"adminhisto","Dur\u00e9e de lecture estim\u00e9e":"10 minutes"},"schema":{"@context":"https:\/\/schema.org","@graph":[{"@type":"Article","@id":"https:\/\/orgueil82.jvillain.fr\/?p=1278#article","isPartOf":{"@id":"https:\/\/orgueil82.jvillain.fr\/?p=1278"},"author":{"name":"adminhisto","@id":"https:\/\/orgueil82.jvillain.fr\/#\/schema\/person\/53b110b4feb20f9ca1e2fd24833b0d2c"},"headline":"Inauguration caserne des pompiers de Villebrumier","datePublished":"2024-10-19T21:43:49+00:00","dateModified":"2025-09-24T16:39:19+00:00","mainEntityOfPage":{"@id":"https:\/\/orgueil82.jvillain.fr\/?p=1278"},"wordCount":616,"publisher":{"@id":"https:\/\/orgueil82.jvillain.fr\/#organization"},"image":{"@id":"https:\/\/orgueil82.jvillain.fr\/?p=1278#primaryimage"},"thumbnailUrl":"https:\/\/orgueil82.jvillain.fr\/wp-content\/uploads\/2024\/inauguration_pompiers_villebrumier_202410189\/P1000243-scaled.jpg","articleSection":["Orgueil"],"inLanguage":"fr-FR"},{"@type":"WebPage","@id":"https:\/\/orgueil82.jvillain.fr\/?p=1278","url":"https:\/\/orgueil82.jvillain.fr\/?p=1278","name":"Inauguration caserne des pompiers de Villebrumier - Histoire et historique du village d&#039;Orgueil","isPartOf":{"@id":"https:\/\/orgueil82.jvillain.fr\/#website"},"primaryImageOfPage":{"@id":"https:\/\/orgueil82.jvillain.fr\/?p=1278#primaryimage"},"image":{"@id":"https:\/\/orgueil82.jvillain.fr\/?p=1278#primaryimage"},"thumbnailUrl":"https:\/\/orgueil82.jvillain.fr\/wp-content\/uploads\/2024\/inauguration_pompiers_villebrumier_202410189\/P1000243-scaled.jpg","datePublished":"2024-10-19T21:43:49+00:00","dateModified":"2025-09-24T16:39:19+00:00","breadcrumb":{"@id":"https:\/\/orgueil82.jvillain.fr\/?p=1278#breadcrumb"},"inLanguage":"fr-FR","potentialAction":[{"@type":"ReadAction","target":["https:\/\/orgueil82.jvillain.fr\/?p=1278"]}]},{"@type":"ImageObject","inLanguage":"fr-FR","@id":"https:\/\/orgueil82.jvillain.fr\/?p=1278#primaryimage","url":"https:\/\/orgueil82.jvillain.fr\/wp-content\/uploads\/2024\/inauguration_pompiers_villebrumier_202410189\/P1000243-scaled.jpg","contentUrl":"https:\/\/orgueil82.jvillain.fr\/wp-content\/uploads\/2024\/inauguration_pompiers_villebrumier_202410189\/P1000243-scaled.jpg","width":2560,"height":1922,"caption":"Les officiels sont en train de visiter les locaux"},{"@type":"BreadcrumbList","@id":"https:\/\/orgueil82.jvillain.fr\/?p=1278#breadcrumb","itemListElement":[{"@type":"ListItem","position":1,"name":"Home","item":"https:\/\/orgueil82.jvillain.fr\/"},{"@type":"ListItem","position":2,"name":"Inauguration caserne des pompiers de Villebrumier"}]},{"@type":"WebSite","@id":"https:\/\/orgueil82.jvillain.fr\/#website","url":"https:\/\/orgueil82.jvillain.fr\/","name":"Histoire et historique du village d'Orgueil","description":"Vivre \u00e0 Orgueil - Tarn-et-Garonne","publisher":{"@id":"https:\/\/orgueil82.jvillain.fr\/#organization"},"potentialAction":[{"@type":"SearchAction","target":{"@type":"EntryPoint","urlTemplate":"https:\/\/orgueil82.jvillain.fr\/?s={search_term_string}"},"query-input":{"@type":"PropertyValueSpecification","valueRequired":true,"valueName":"search_term_string"}}],"inLanguage":"fr-FR"},{"@type":"Organization","@id":"https:\/\/orgueil82.jvillain.fr\/#organization","name":"Histoire et historique du village d'Orgueil","url":"https:\/\/orgueil82.jvillain.fr\/","logo":{"@type":"ImageObject","inLanguage":"fr-FR","@id":"https:\/\/orgueil82.jvillain.fr\/#\/schema\/logo\/image\/","url":"https:\/\/orgueil82.jvillain.fr\/wp-content\/uploads\/Orgueil\/orgueil3.gif","contentUrl":"https:\/\/orgueil82.jvillain.fr\/wp-content\/uploads\/Orgueil\/orgueil3.gif","width":93,"height":62,"caption":"Histoire et historique du village d'Orgueil"},"image":{"@id":"https:\/\/orgueil82.jvillain.fr\/#\/schema\/logo\/image\/"}},{"@type":"Person","@id":"https:\/\/orgueil82.jvillain.fr\/#\/schema\/person\/53b110b4feb20f9ca1e2fd24833b0d2c","name":"adminhisto","image":{"@type":"ImageObject","inLanguage":"fr-FR","@id":"https:\/\/secure.gravatar.com\/avatar\/f3823b8100a2c1c14fb4ef84e9796f5c5cc50e439868014f68c9a7e8eee53737?s=96&d=mm&r=g","url":"https:\/\/secure.gravatar.com\/avatar\/f3823b8100a2c1c14fb4ef84e9796f5c5cc50e439868014f68c9a7e8eee53737?s=96&d=mm&r=g","contentUrl":"https:\/\/secure.gravatar.com\/avatar\/f3823b8100a2c1c14fb4ef84e9796f5c5cc50e439868014f68c9a7e8eee53737?s=96&d=mm&r=g","caption":"adminhisto"},"sameAs":["https:\/\/orgueil82.jvillain.fr"],"url":"https:\/\/orgueil82.jvillain.fr\/?author=1"}]}},"featured_image_src":"https:\/\/orgueil82.jvillain.fr\/wp-content\/uploads\/2024\/inauguration_pompiers_villebrumier_202410189\/P1000243-scaled.jpg","featured_image_src_square":"https:\/\/orgueil82.jvillain.fr\/wp-content\/uploads\/2024\/inauguration_pompiers_villebrumier_202410189\/P1000243-scaled.jpg","author_info":{"display_name":"adminhisto","author_link":"https:\/\/orgueil82.jvillain.fr\/?author=1"},"_links":{"self":[{"href":"https:\/\/orgueil82.jvillain.fr\/index.php?rest_route=\/wp\/v2\/posts\/1278","targetHints":{"allow":["GET"]}}],"collection":[{"href":"https:\/\/orgueil82.jvillain.fr\/index.php?rest_route=\/wp\/v2\/posts"}],"about":[{"href":"https:\/\/orgueil82.jvillain.fr\/index.php?rest_route=\/wp\/v2\/types\/post"}],"author":[{"embeddable":true,"href":"https:\/\/orgueil82.jvillain.fr\/index.php?rest_route=\/wp\/v2\/users\/1"}],"replies":[{"embeddable":true,"href":"https:\/\/orgueil82.jvillain.fr\/index.php?rest_route=%2Fwp%2Fv2%2Fcomments&post=1278"}],"version-history":[{"count":0,"href":"https:\/\/orgueil82.jvillain.fr\/index.php?rest_route=\/wp\/v2\/posts\/1278\/revisions"}],"wp:featuredmedia":[{"embeddable":true,"href":"https:\/\/orgueil82.jvillain.fr\/index.php?rest_route=\/wp\/v2\/media\/1366"}],"wp:attachment":[{"href":"https:\/\/orgueil82.jvillain.fr\/index.php?rest_route=%2Fwp%2Fv2%2Fmedia&parent=1278"}],"wp:term":[{"taxonomy":"category","embeddable":true,"href":"https:\/\/orgueil82.jvillain.fr\/index.php?rest_route=%2Fwp%2Fv2%2Fcategories&post=1278"},{"taxonomy":"post_tag","embeddable":true,"href":"https:\/\/orgueil82.jvillain.fr\/index.php?rest_route=%2Fwp%2Fv2%2Ftags&post=1278"}],"curies":[{"name":"wp","href":"https:\/\/api.w.org\/{rel}","templated":true}]}}