{"id":1546,"date":"2002-06-15T16:48:00","date_gmt":"2002-06-15T14:48:00","guid":{"rendered":"https:\/\/orgueil82.jvillain.fr\/?p=1546"},"modified":"2025-09-24T18:11:53","modified_gmt":"2025-09-24T16:11:53","slug":"rallye-des-ecoles-juin-2002","status":"publish","type":"post","link":"https:\/\/orgueil82.jvillain.fr\/?p=1546","title":{"rendered":"Rallye des \u00e9coles juin 2002"},"content":{"rendered":"\n<p><strong>Samedi 15 juin, que se passe t il?<\/strong> Il est 9h45 et la place devant la salle des f\u00eates est envahie par des enfants et leurs parents, 50 personnes d&rsquo;apr\u00e8s la police, plus de 110 d&rsquo;apr\u00e8s la rumeur publique!<br>Pourtant, le samedi n&rsquo;est pas jour d&rsquo;\u00e9cole! Approchons et \u00e9coutons ce que disent les enfants:<br><em><strong>Ah! C&rsquo;est la f\u00eate de fin d&rsquo;ann\u00e9e de l&rsquo;\u00e9cole, une kermesse alors ? Non, la kermesse c&rsquo;est cet apr\u00e8s-midi, apr\u00e8s le pique-nique, ce matin des organisateurs fous ont pr\u00e9vu un RALLYE, p\u00e9destre en plus! Pfffff!<\/strong><\/em><br>Pendant 2h30 les \u00e9quipes se sont d\u00e9plac\u00e9es dans le village en r\u00e9pondant \u00e0 des \u00e9nigmes et ce f\u00fbt certainement beaucoup de d\u00e9couvertes pour la plupart des participants.<br>Des habitants ont ouvert leurs maisons, certains ont sorti des appareils bizarres, tous ont r\u00e9pondu avec gentillesse aux questions des enfants. Les plus petits ont ainsi admir\u00e9 et compt\u00e9 des lapins, des poules, des pigeons, les plus grands ont d\u00e9couvert l&rsquo;\u00e9bullioscope, tous ont cherch\u00e9 un h\u00e9licopt\u00e8re dans les chemins creux, tous se sont demand\u00e9s qui \u00e9taient les noms des 4 jeunes du groupe qui faisait de la musique dans les ann\u00e9es 50. Bref ce rallye fut une grande rencontre des enfants et de leurs parents avec le village d&rsquo;aujourd&rsquo;hui et d&rsquo;hier.<br>Et, pour le plus grand plaisir des grands et des petits, le <a href=\"https:\/\/orgueil82.jvillain.fr\/?p=1869\">Petit Train des Oiseaux<\/a> \u00e0 ouvert ses portes. Quelle joie de revoir les machines \u00e0 vapeur, les mod\u00e8les r\u00e9duits et de monter dans les wagons tir\u00e9s par le vaillant locotracteur. Oui! Un grand merci \u00e0 Jean-Claude Cougoureux d&rsquo;avoir fait circuler le PTO et \u00e0 ses amis m\u00e9caniciens d&rsquo;avoir accepter de participer activement.<\/p>\n\n\n\n<p>A la fin du rallye, avant le pique-nique, trois des \u00ab&nbsp;anciens&nbsp;\u00bb jeunes du groupe DO RE MI ont interpr\u00e9t\u00e9 un morceau, merci Ren\u00e9, Jean et Georges. Puis avec Chantal ils ont interpr\u00e9t\u00e9 l&rsquo;<a href=\"https:\/\/orgueil82.jvillain.fr\/?page_id=1844\">hymne Orgueillois<\/a>.<\/p>\n\n\n\n<p>R\u00e9ellement que de talents dans notre village: chanteurs, musiciens, sportifs, m\u00e9caniciens, mod\u00e9listes Et durant l&rsquo;apr\u00e8s-midi, la kermesse \u00e0 battu son plein. Jeux, divertissements, toute cette journ\u00e9e a \u00e9t\u00e9 chaleureuse et bien remplie, esp\u00e9rons que tous s&rsquo;en souviendront!<br>La journ\u00e9e s&rsquo;est conclue par un ap\u00e9ritif joyeux o\u00f9 tous les participants \u00e0 cette journ\u00e9e ont pu se retrouver et partager leurs impressions.<\/p>\n\n\n\n<p class=\"has-small-font-size\">Ci dessous un album des photos prises lors du rallye (<em>cliquez sur les photos pour les agrandir<\/em>).<\/p>\n\n\n<div class=\"pgc-sgb-cb wp-block-pgcsimplygalleryblock-viewer \" data-gallery-id=\"1b913581\"><div class=\"sgb-preloader\" id=\"pr_1b913581\">\n\t<div class=\"sgb-square\" style=\"background:#d4d4d4\"><\/div>\n\t<div class=\"sgb-square\" style=\"background:#d4d4d4\"><\/div>\n\t<div class=\"sgb-square\" style=\"background:#d4d4d4\"><\/div>\n\t<div class=\"sgb-square\" style=\"background:#d4d4d4\"><\/div><\/div><div class=\"simply-gallery-amp pgc_sgb_slider \"><noscript><div class=\"sgb-gallery\"><div class=\"sgb-item\"><a href=\"https:\/\/orgueil82.jvillain.fr\/?attachment_id=1542\" target=\"_blank\"><img alt=\"\" width=\"300\" height=\"203\" loading=\"lazy\"  srcset=\"https:\/\/orgueil82.jvillain.fr\/wp-content\/uploads\/2002\/F\u00eate_fin_ann\u00e9e_\u00e9cole_2001-2002\/IM000000-300x203.jpg 300w,https:\/\/orgueil82.jvillain.fr\/wp-content\/uploads\/2002\/F\u00eate_fin_ann\u00e9e_\u00e9cole_2001-2002\/IM000000-2048x1389.jpg 2048w,https:\/\/orgueil82.jvillain.fr\/wp-content\/uploads\/2002\/F\u00eate_fin_ann\u00e9e_\u00e9cole_2001-2002\/IM000000-scaled.jpg 2560w\" sizes=\"auto, 250px\"\/ class=\"lws-optimize-lazyload\" data-src=\"https:\/\/orgueil82.jvillain.fr\/wp-content\/uploads\/2002\/F\u00eate_fin_ann\u00e9e_\u00e9cole_2001-2002\/IM000000-300x203.jpg\"><\/a><div class=\"sgb-item-caption\"><em>D\u00e9but du rallye, les explications<\/em><\/div><\/div><div class=\"sgb-item\"><a href=\"https:\/\/orgueil82.jvillain.fr\/?attachment_id=1538\" target=\"_blank\"><img alt=\"\" width=\"203\" height=\"300\" loading=\"lazy\"  srcset=\"https:\/\/orgueil82.jvillain.fr\/wp-content\/uploads\/2002\/F\u00eate_fin_ann\u00e9e_\u00e9cole_2001-2002\/IM000001-203x300.jpg 203w,https:\/\/orgueil82.jvillain.fr\/wp-content\/uploads\/2002\/F\u00eate_fin_ann\u00e9e_\u00e9cole_2001-2002\/IM000001-1389x2048.jpg 1389w,https:\/\/orgueil82.jvillain.fr\/wp-content\/uploads\/2002\/F\u00eate_fin_ann\u00e9e_\u00e9cole_2001-2002\/IM000001-scaled.jpg 1736w\" sizes=\"auto, 250px\"\/ class=\"lws-optimize-lazyload\" data-src=\"https:\/\/orgueil82.jvillain.fr\/wp-content\/uploads\/2002\/F\u00eate_fin_ann\u00e9e_\u00e9cole_2001-2002\/IM000001-203x300.jpg\"><\/a><div class=\"sgb-item-caption\"><em>PTO &#8211; en voiture<\/em><\/div><\/div><div class=\"sgb-item\"><a href=\"https:\/\/orgueil82.jvillain.fr\/?attachment_id=1526\" target=\"_blank\"><img alt=\"\" width=\"300\" height=\"225\" loading=\"lazy\"  srcset=\"https:\/\/orgueil82.jvillain.fr\/wp-content\/uploads\/2002\/F\u00eate_fin_ann\u00e9e_\u00e9cole_2001-2002\/111-1185_IMG-300x225.jpg 300w,https:\/\/orgueil82.jvillain.fr\/wp-content\/uploads\/2002\/F\u00eate_fin_ann\u00e9e_\u00e9cole_2001-2002\/111-1185_IMG.jpg 1024w\" sizes=\"auto, 250px\"\/ class=\"lws-optimize-lazyload\" data-src=\"https:\/\/orgueil82.jvillain.fr\/wp-content\/uploads\/2002\/F\u00eate_fin_ann\u00e9e_\u00e9cole_2001-2002\/111-1185_IMG-300x225.jpg\"><\/a><div class=\"sgb-item-caption\"><em>arr\u00eat sur un viaduc pour la photo<\/em><\/div><\/div><div class=\"sgb-item\"><a href=\"https:\/\/orgueil82.jvillain.fr\/?attachment_id=1523\" target=\"_blank\"><img alt=\"\" width=\"300\" height=\"225\" loading=\"lazy\"  srcset=\"https:\/\/orgueil82.jvillain.fr\/wp-content\/uploads\/2002\/F\u00eate_fin_ann\u00e9e_\u00e9cole_2001-2002\/111-1186_IMG-300x225.jpg 300w,https:\/\/orgueil82.jvillain.fr\/wp-content\/uploads\/2002\/F\u00eate_fin_ann\u00e9e_\u00e9cole_2001-2002\/111-1186_IMG.jpg 1024w\" sizes=\"auto, 250px\"\/ class=\"lws-optimize-lazyload\" data-src=\"https:\/\/orgueil82.jvillain.fr\/wp-content\/uploads\/2002\/F\u00eate_fin_ann\u00e9e_\u00e9cole_2001-2002\/111-1186_IMG-300x225.jpg\"><\/a><div class=\"sgb-item-caption\"><em>PTO &#8211; arr\u00eat sur un viaduc pour la photo<\/em><\/div><\/div><div class=\"sgb-item\"><a href=\"https:\/\/orgueil82.jvillain.fr\/?attachment_id=1540\" target=\"_blank\"><img alt=\"\" width=\"300\" height=\"203\" loading=\"lazy\"  srcset=\"https:\/\/orgueil82.jvillain.fr\/wp-content\/uploads\/2002\/F\u00eate_fin_ann\u00e9e_\u00e9cole_2001-2002\/IM000003-300x203.jpg 300w,https:\/\/orgueil82.jvillain.fr\/wp-content\/uploads\/2002\/F\u00eate_fin_ann\u00e9e_\u00e9cole_2001-2002\/IM000003-2048x1389.jpg 2048w,https:\/\/orgueil82.jvillain.fr\/wp-content\/uploads\/2002\/F\u00eate_fin_ann\u00e9e_\u00e9cole_2001-2002\/IM000003-scaled.jpg 2560w\" sizes=\"auto, 250px\"\/ class=\"lws-optimize-lazyload\" data-src=\"https:\/\/orgueil82.jvillain.fr\/wp-content\/uploads\/2002\/F\u00eate_fin_ann\u00e9e_\u00e9cole_2001-2002\/IM000003-300x203.jpg\"><\/a><div class=\"sgb-item-caption\"><em>PTO &#8211; grandes discussions entre m\u00e9caniciens<\/em><\/div><\/div><div class=\"sgb-item\"><a href=\"https:\/\/orgueil82.jvillain.fr\/?attachment_id=1539\" target=\"_blank\"><img alt=\"\" width=\"203\" height=\"300\" loading=\"lazy\"  srcset=\"https:\/\/orgueil82.jvillain.fr\/wp-content\/uploads\/2002\/F\u00eate_fin_ann\u00e9e_\u00e9cole_2001-2002\/IM000002-203x300.jpg 203w,https:\/\/orgueil82.jvillain.fr\/wp-content\/uploads\/2002\/F\u00eate_fin_ann\u00e9e_\u00e9cole_2001-2002\/IM000002-1389x2048.jpg 1389w,https:\/\/orgueil82.jvillain.fr\/wp-content\/uploads\/2002\/F\u00eate_fin_ann\u00e9e_\u00e9cole_2001-2002\/IM000002-scaled.jpg 1736w\" sizes=\"auto, 250px\"\/ class=\"lws-optimize-lazyload\" data-src=\"https:\/\/orgueil82.jvillain.fr\/wp-content\/uploads\/2002\/F\u00eate_fin_ann\u00e9e_\u00e9cole_2001-2002\/IM000002-203x300.jpg\"><\/a><div class=\"sgb-item-caption\"><em>PTO &#8211; en route vers l&rsquo;aventure<\/em><\/div><\/div><div class=\"sgb-item\"><a href=\"https:\/\/orgueil82.jvillain.fr\/?attachment_id=1545\" target=\"_blank\"><img alt=\"\" width=\"300\" height=\"203\" loading=\"lazy\"  srcset=\"https:\/\/orgueil82.jvillain.fr\/wp-content\/uploads\/2002\/F\u00eate_fin_ann\u00e9e_\u00e9cole_2001-2002\/IM000004-300x203.jpg 300w,https:\/\/orgueil82.jvillain.fr\/wp-content\/uploads\/2002\/F\u00eate_fin_ann\u00e9e_\u00e9cole_2001-2002\/IM000004-2048x1389.jpg 2048w,https:\/\/orgueil82.jvillain.fr\/wp-content\/uploads\/2002\/F\u00eate_fin_ann\u00e9e_\u00e9cole_2001-2002\/IM000004-scaled.jpg 2560w\" sizes=\"auto, 250px\"\/ class=\"lws-optimize-lazyload\" data-src=\"https:\/\/orgueil82.jvillain.fr\/wp-content\/uploads\/2002\/F\u00eate_fin_ann\u00e9e_\u00e9cole_2001-2002\/IM000004-300x203.jpg\"><\/a><div class=\"sgb-item-caption\"><em>PTO &#8211; une \u00e9quipe vient de monter dans le train<\/em><\/div><\/div><div class=\"sgb-item\"><a href=\"https:\/\/orgueil82.jvillain.fr\/?attachment_id=1543\" target=\"_blank\"><img alt=\"\" width=\"300\" height=\"203\" loading=\"lazy\"  srcset=\"https:\/\/orgueil82.jvillain.fr\/wp-content\/uploads\/2002\/F\u00eate_fin_ann\u00e9e_\u00e9cole_2001-2002\/IM000005-300x203.jpg 300w,https:\/\/orgueil82.jvillain.fr\/wp-content\/uploads\/2002\/F\u00eate_fin_ann\u00e9e_\u00e9cole_2001-2002\/IM000005-2048x1389.jpg 2048w,https:\/\/orgueil82.jvillain.fr\/wp-content\/uploads\/2002\/F\u00eate_fin_ann\u00e9e_\u00e9cole_2001-2002\/IM000005-scaled.jpg 2560w\" sizes=\"auto, 250px\"\/ class=\"lws-optimize-lazyload\" data-src=\"https:\/\/orgueil82.jvillain.fr\/wp-content\/uploads\/2002\/F\u00eate_fin_ann\u00e9e_\u00e9cole_2001-2002\/IM000005-300x203.jpg\"><\/a><div class=\"sgb-item-caption\"><em>PTO &#8211; une \u00e9quipe avec Jean-Claude<\/em><\/div><\/div><div class=\"sgb-item\"><a href=\"https:\/\/orgueil82.jvillain.fr\/?attachment_id=1541\" target=\"_blank\"><img alt=\"\" width=\"300\" height=\"203\" loading=\"lazy\"  srcset=\"https:\/\/orgueil82.jvillain.fr\/wp-content\/uploads\/2002\/F\u00eate_fin_ann\u00e9e_\u00e9cole_2001-2002\/IM000006-300x203.jpg 300w,https:\/\/orgueil82.jvillain.fr\/wp-content\/uploads\/2002\/F\u00eate_fin_ann\u00e9e_\u00e9cole_2001-2002\/IM000006-2048x1389.jpg 2048w,https:\/\/orgueil82.jvillain.fr\/wp-content\/uploads\/2002\/F\u00eate_fin_ann\u00e9e_\u00e9cole_2001-2002\/IM000006-scaled.jpg 2560w\" sizes=\"auto, 250px\"\/ class=\"lws-optimize-lazyload\" data-src=\"https:\/\/orgueil82.jvillain.fr\/wp-content\/uploads\/2002\/F\u00eate_fin_ann\u00e9e_\u00e9cole_2001-2002\/IM000006-300x203.jpg\"><\/a><div class=\"sgb-item-caption\"><em>PTO &#8211; une \u00e9quipe en attente pour monter dans le train<\/em><\/div><\/div><div class=\"sgb-item\"><a href=\"https:\/\/orgueil82.jvillain.fr\/?attachment_id=1531\" target=\"_blank\"><img alt=\"\" width=\"300\" height=\"225\" loading=\"lazy\"  srcset=\"https:\/\/orgueil82.jvillain.fr\/wp-content\/uploads\/2002\/F\u00eate_fin_ann\u00e9e_\u00e9cole_2001-2002\/111-1188_IMG-300x225.jpg 300w,https:\/\/orgueil82.jvillain.fr\/wp-content\/uploads\/2002\/F\u00eate_fin_ann\u00e9e_\u00e9cole_2001-2002\/111-1188_IMG.jpg 1024w\" sizes=\"auto, 250px\"\/ class=\"lws-optimize-lazyload\" data-src=\"https:\/\/orgueil82.jvillain.fr\/wp-content\/uploads\/2002\/F\u00eate_fin_ann\u00e9e_\u00e9cole_2001-2002\/111-1188_IMG-300x225.jpg\"><\/a><\/div><div class=\"sgb-item\"><a href=\"https:\/\/orgueil82.jvillain.fr\/?attachment_id=1535\" target=\"_blank\"><img alt=\"\" width=\"300\" height=\"225\" loading=\"lazy\"  srcset=\"https:\/\/orgueil82.jvillain.fr\/wp-content\/uploads\/2002\/F\u00eate_fin_ann\u00e9e_\u00e9cole_2001-2002\/111-1187_IMG-300x225.jpg 300w,https:\/\/orgueil82.jvillain.fr\/wp-content\/uploads\/2002\/F\u00eate_fin_ann\u00e9e_\u00e9cole_2001-2002\/111-1187_IMG.jpg 1024w\" sizes=\"auto, 250px\"\/ class=\"lws-optimize-lazyload\" data-src=\"https:\/\/orgueil82.jvillain.fr\/wp-content\/uploads\/2002\/F\u00eate_fin_ann\u00e9e_\u00e9cole_2001-2002\/111-1187_IMG-300x225.jpg\"><\/a><div class=\"sgb-item-caption\"><em>PTO &#8211; une \u00e9quipe devant la cage aux oiseaux<\/em><\/div><\/div><div class=\"sgb-item\"><a href=\"https:\/\/orgueil82.jvillain.fr\/?attachment_id=1536\" target=\"_blank\"><img alt=\"\" width=\"300\" height=\"225\" loading=\"lazy\"  srcset=\"https:\/\/orgueil82.jvillain.fr\/wp-content\/uploads\/2002\/F\u00eate_fin_ann\u00e9e_\u00e9cole_2001-2002\/111-1190_IMG-300x225.jpg 300w,https:\/\/orgueil82.jvillain.fr\/wp-content\/uploads\/2002\/F\u00eate_fin_ann\u00e9e_\u00e9cole_2001-2002\/111-1190_IMG.jpg 1024w\" sizes=\"auto, 250px\"\/ class=\"lws-optimize-lazyload\" data-src=\"https:\/\/orgueil82.jvillain.fr\/wp-content\/uploads\/2002\/F\u00eate_fin_ann\u00e9e_\u00e9cole_2001-2002\/111-1190_IMG-300x225.jpg\"><\/a><div class=\"sgb-item-caption\"><em>PTO &#8211; une \u00e9quipe dans la gare<\/em><\/div><\/div><div class=\"sgb-item\"><a href=\"https:\/\/orgueil82.jvillain.fr\/?attachment_id=1529\" target=\"_blank\"><img alt=\"\" width=\"300\" height=\"225\" loading=\"lazy\"  srcset=\"https:\/\/orgueil82.jvillain.fr\/wp-content\/uploads\/2002\/F\u00eate_fin_ann\u00e9e_\u00e9cole_2001-2002\/111-1192_IMG-300x225.jpg 300w,https:\/\/orgueil82.jvillain.fr\/wp-content\/uploads\/2002\/F\u00eate_fin_ann\u00e9e_\u00e9cole_2001-2002\/111-1192_IMG.jpg 1024w\" sizes=\"auto, 250px\"\/ class=\"lws-optimize-lazyload\" data-src=\"https:\/\/orgueil82.jvillain.fr\/wp-content\/uploads\/2002\/F\u00eate_fin_ann\u00e9e_\u00e9cole_2001-2002\/111-1192_IMG-300x225.jpg\"><\/a><div class=\"sgb-item-caption\"><em>PTO &#8211; en route vers l&rsquo;aventure<\/em><\/div><\/div><div class=\"sgb-item\"><a href=\"https:\/\/orgueil82.jvillain.fr\/?attachment_id=1533\" target=\"_blank\"><img alt=\"\" width=\"300\" height=\"225\" loading=\"lazy\"  srcset=\"https:\/\/orgueil82.jvillain.fr\/wp-content\/uploads\/2002\/F\u00eate_fin_ann\u00e9e_\u00e9cole_2001-2002\/111-1193_IMG-300x225.jpg 300w,https:\/\/orgueil82.jvillain.fr\/wp-content\/uploads\/2002\/F\u00eate_fin_ann\u00e9e_\u00e9cole_2001-2002\/111-1193_IMG.jpg 1024w\" sizes=\"auto, 250px\"\/ class=\"lws-optimize-lazyload\" data-src=\"https:\/\/orgueil82.jvillain.fr\/wp-content\/uploads\/2002\/F\u00eate_fin_ann\u00e9e_\u00e9cole_2001-2002\/111-1193_IMG-300x225.jpg\"><\/a><div class=\"sgb-item-caption\"><em>PTO &#8211; en route vers l&rsquo;aventure<\/em><\/div><\/div><div class=\"sgb-item\"><a href=\"https:\/\/orgueil82.jvillain.fr\/?attachment_id=1544\" target=\"_blank\"><img alt=\"\" width=\"300\" height=\"203\" loading=\"lazy\"  srcset=\"https:\/\/orgueil82.jvillain.fr\/wp-content\/uploads\/2002\/F\u00eate_fin_ann\u00e9e_\u00e9cole_2001-2002\/IM000007-300x203.jpg 300w,https:\/\/orgueil82.jvillain.fr\/wp-content\/uploads\/2002\/F\u00eate_fin_ann\u00e9e_\u00e9cole_2001-2002\/IM000007-2048x1389.jpg 2048w,https:\/\/orgueil82.jvillain.fr\/wp-content\/uploads\/2002\/F\u00eate_fin_ann\u00e9e_\u00e9cole_2001-2002\/IM000007-scaled.jpg 2560w\" sizes=\"auto, 250px\"\/ class=\"lws-optimize-lazyload\" data-src=\"https:\/\/orgueil82.jvillain.fr\/wp-content\/uploads\/2002\/F\u00eate_fin_ann\u00e9e_\u00e9cole_2001-2002\/IM000007-300x203.jpg\"><\/a><div class=\"sgb-item-caption\"><em>PTO &#8211; les m\u00e9caniciens posent devant la machine<\/em><\/div><\/div><div class=\"sgb-item\"><a href=\"https:\/\/orgueil82.jvillain.fr\/?attachment_id=1524\" target=\"_blank\"><img alt=\"\" width=\"225\" height=\"300\" loading=\"lazy\"  srcset=\"https:\/\/orgueil82.jvillain.fr\/wp-content\/uploads\/2002\/F\u00eate_fin_ann\u00e9e_\u00e9cole_2001-2002\/111-1198_IMG-225x300.jpg 225w,https:\/\/orgueil82.jvillain.fr\/wp-content\/uploads\/2002\/F\u00eate_fin_ann\u00e9e_\u00e9cole_2001-2002\/111-1198_IMG.jpg 768w\" sizes=\"auto, 250px\"\/ class=\"lws-optimize-lazyload\" data-src=\"https:\/\/orgueil82.jvillain.fr\/wp-content\/uploads\/2002\/F\u00eate_fin_ann\u00e9e_\u00e9cole_2001-2002\/111-1198_IMG-225x300.jpg\"><\/a><div class=\"sgb-item-caption\"><em>PTO &#8211; les professeurs font un tour de petit train<\/em><\/div><\/div><div class=\"sgb-item\"><a href=\"https:\/\/orgueil82.jvillain.fr\/?attachment_id=1525\" target=\"_blank\"><img alt=\"\" width=\"225\" height=\"300\" loading=\"lazy\"  srcset=\"https:\/\/orgueil82.jvillain.fr\/wp-content\/uploads\/2002\/F\u00eate_fin_ann\u00e9e_\u00e9cole_2001-2002\/111-1194_IMG-225x300.jpg 225w,https:\/\/orgueil82.jvillain.fr\/wp-content\/uploads\/2002\/F\u00eate_fin_ann\u00e9e_\u00e9cole_2001-2002\/111-1194_IMG.jpg 768w\" sizes=\"auto, 250px\"\/ class=\"lws-optimize-lazyload\" data-src=\"https:\/\/orgueil82.jvillain.fr\/wp-content\/uploads\/2002\/F\u00eate_fin_ann\u00e9e_\u00e9cole_2001-2002\/111-1194_IMG-225x300.jpg\"><\/a><div class=\"sgb-item-caption\"><em>PTO &#8211; le train avance dans la verdure<\/em><\/div><\/div><div class=\"sgb-item\"><a href=\"https:\/\/orgueil82.jvillain.fr\/?attachment_id=1534\" target=\"_blank\"><img alt=\"\" width=\"225\" height=\"300\" loading=\"lazy\"  srcset=\"https:\/\/orgueil82.jvillain.fr\/wp-content\/uploads\/2002\/F\u00eate_fin_ann\u00e9e_\u00e9cole_2001-2002\/111-1195_IMG-225x300.jpg 225w,https:\/\/orgueil82.jvillain.fr\/wp-content\/uploads\/2002\/F\u00eate_fin_ann\u00e9e_\u00e9cole_2001-2002\/111-1195_IMG.jpg 768w\" sizes=\"auto, 250px\"\/ class=\"lws-optimize-lazyload\" data-src=\"https:\/\/orgueil82.jvillain.fr\/wp-content\/uploads\/2002\/F\u00eate_fin_ann\u00e9e_\u00e9cole_2001-2002\/111-1195_IMG-225x300.jpg\"><\/a><div class=\"sgb-item-caption\"><em>PTO &#8211; le train avance dans la verdure<\/em><\/div><\/div><div class=\"sgb-item\"><a href=\"https:\/\/orgueil82.jvillain.fr\/?attachment_id=1532\" target=\"_blank\"><img alt=\"\" width=\"225\" height=\"300\" loading=\"lazy\"  srcset=\"https:\/\/orgueil82.jvillain.fr\/wp-content\/uploads\/2002\/F\u00eate_fin_ann\u00e9e_\u00e9cole_2001-2002\/111-1196_IMG-225x300.jpg 225w,https:\/\/orgueil82.jvillain.fr\/wp-content\/uploads\/2002\/F\u00eate_fin_ann\u00e9e_\u00e9cole_2001-2002\/111-1196_IMG.jpg 768w\" sizes=\"auto, 250px\"\/ class=\"lws-optimize-lazyload\" data-src=\"https:\/\/orgueil82.jvillain.fr\/wp-content\/uploads\/2002\/F\u00eate_fin_ann\u00e9e_\u00e9cole_2001-2002\/111-1196_IMG-225x300.jpg\"><\/a><div class=\"sgb-item-caption\"><em>PTO &#8211; les organisateurs ont craqu\u00e9<\/em><\/div><\/div><div class=\"sgb-item\"><a href=\"https:\/\/orgueil82.jvillain.fr\/?attachment_id=1528\" target=\"_blank\"><img alt=\"\" width=\"225\" height=\"300\" loading=\"lazy\"  srcset=\"https:\/\/orgueil82.jvillain.fr\/wp-content\/uploads\/2002\/F\u00eate_fin_ann\u00e9e_\u00e9cole_2001-2002\/111-1197_IMG-225x300.jpg 225w,https:\/\/orgueil82.jvillain.fr\/wp-content\/uploads\/2002\/F\u00eate_fin_ann\u00e9e_\u00e9cole_2001-2002\/111-1197_IMG.jpg 768w\" sizes=\"auto, 250px\"\/ class=\"lws-optimize-lazyload\" data-src=\"https:\/\/orgueil82.jvillain.fr\/wp-content\/uploads\/2002\/F\u00eate_fin_ann\u00e9e_\u00e9cole_2001-2002\/111-1197_IMG-225x300.jpg\"><\/a><div class=\"sgb-item-caption\"><em>PTO &#8211; les organisateurs ont craqu\u00e9<\/em><\/div><\/div><div class=\"sgb-item\"><a href=\"https:\/\/orgueil82.jvillain.fr\/?attachment_id=1537\" target=\"_blank\"><img alt=\"\" width=\"300\" height=\"203\" loading=\"lazy\"  srcset=\"https:\/\/orgueil82.jvillain.fr\/wp-content\/uploads\/2002\/F\u00eate_fin_ann\u00e9e_\u00e9cole_2001-2002\/IM000008-300x203.jpg 300w,https:\/\/orgueil82.jvillain.fr\/wp-content\/uploads\/2002\/F\u00eate_fin_ann\u00e9e_\u00e9cole_2001-2002\/IM000008-2048x1389.jpg 2048w,https:\/\/orgueil82.jvillain.fr\/wp-content\/uploads\/2002\/F\u00eate_fin_ann\u00e9e_\u00e9cole_2001-2002\/IM000008-scaled.jpg 2560w\" sizes=\"auto, 250px\"\/ class=\"lws-optimize-lazyload\" data-src=\"https:\/\/orgueil82.jvillain.fr\/wp-content\/uploads\/2002\/F\u00eate_fin_ann\u00e9e_\u00e9cole_2001-2002\/IM000008-300x203.jpg\"><\/a><div class=\"sgb-item-caption\"><em>Fin du rallye &#8211; 3 anciens du groupe DOREMI et Chantal entonnent l&rsquo;hymne d&rsquo;Orgueil<\/em><\/div><\/div><\/div><\/noscript><\/div><script type=\"application\/json\" class=\"sgb-data\">{\"galleryType\":\"pgc_sgb_viewer\",\"galleryId\":\"1b913581\",\"images\":[{\"id\":1542,\"title\":\"IM000000\",\"url\":\"https:\/\/orgueil82.jvillain.fr\/wp-content\/uploads\/2002\/F\u00eate_fin_ann\u00e9e_\u00e9cole_2001-2002\/IM000000-scaled.jpg\",\"link\":\"https:\/\/orgueil82.jvillain.fr\/?attachment_id=1542\",\"alt\":\"\",\"description\":\"\",\"caption\":\"D\u00e9but du rallye, les explications\",\"mime\":\"image\/jpeg\",\"type\":\"image\",\"width\":2560,\"height\":1736,\"sizes\":{\"thumbnail\":{\"height\":150,\"width\":150,\"url\":\"https:\/\/orgueil82.jvillain.fr\/wp-content\/uploads\/2002\/F\u00eate_fin_ann\u00e9e_\u00e9cole_2001-2002\/IM000000-150x150.jpg\",\"orientation\":\"landscape\"},\"medium\":{\"height\":203,\"width\":300,\"url\":\"https:\/\/orgueil82.jvillain.fr\/wp-content\/uploads\/2002\/F\u00eate_fin_ann\u00e9e_\u00e9cole_2001-2002\/IM000000-300x203.jpg\",\"orientation\":\"landscape\"},\"large\":{\"height\":1389,\"width\":2048,\"url\":\"https:\/\/orgueil82.jvillain.fr\/wp-content\/uploads\/2002\/F\u00eate_fin_ann\u00e9e_\u00e9cole_2001-2002\/IM000000-2048x1389.jpg\",\"orientation\":\"landscape\"},\"full\":{\"url\":\"https:\/\/orgueil82.jvillain.fr\/wp-content\/uploads\/2002\/F\u00eate_fin_ann\u00e9e_\u00e9cole_2001-2002\/IM000000-scaled.jpg\",\"height\":1736,\"width\":2560,\"orientation\":\"landscape\"}},\"imageMeta\":{\"aperture\":\"0\",\"credit\":\"\",\"camera\":\"\",\"caption\":\"\",\"created_timestamp\":\"0\",\"copyright\":\"\",\"focal_length\":\"0\",\"iso\":\"0\",\"shutter_speed\":\"0\",\"title\":\"\",\"orientation\":\"0\",\"keywords\":[]},\"meta\":false,\"postlink\":\"https:\/\/orgueil82.jvillain.fr\/?attachment_id=1542\"},{\"id\":1538,\"title\":\"IM000001\",\"url\":\"https:\/\/orgueil82.jvillain.fr\/wp-content\/uploads\/2002\/F\u00eate_fin_ann\u00e9e_\u00e9cole_2001-2002\/IM000001-scaled.jpg\",\"link\":\"https:\/\/orgueil82.jvillain.fr\/?attachment_id=1538\",\"alt\":\"\",\"description\":\"\",\"caption\":\"PTO - en voiture\",\"mime\":\"image\/jpeg\",\"type\":\"image\",\"width\":1736,\"height\":2560,\"sizes\":{\"thumbnail\":{\"height\":150,\"width\":150,\"url\":\"https:\/\/orgueil82.jvillain.fr\/wp-content\/uploads\/2002\/F\u00eate_fin_ann\u00e9e_\u00e9cole_2001-2002\/IM000001-150x150.jpg\",\"orientation\":\"landscape\"},\"medium\":{\"height\":300,\"width\":203,\"url\":\"https:\/\/orgueil82.jvillain.fr\/wp-content\/uploads\/2002\/F\u00eate_fin_ann\u00e9e_\u00e9cole_2001-2002\/IM000001-203x300.jpg\",\"orientation\":\"portrait\"},\"large\":{\"height\":2048,\"width\":1389,\"url\":\"https:\/\/orgueil82.jvillain.fr\/wp-content\/uploads\/2002\/F\u00eate_fin_ann\u00e9e_\u00e9cole_2001-2002\/IM000001-1389x2048.jpg\",\"orientation\":\"portrait\"},\"full\":{\"url\":\"https:\/\/orgueil82.jvillain.fr\/wp-content\/uploads\/2002\/F\u00eate_fin_ann\u00e9e_\u00e9cole_2001-2002\/IM000001-scaled.jpg\",\"height\":2560,\"width\":1736,\"orientation\":\"portrait\"}},\"imageMeta\":{\"aperture\":\"0\",\"credit\":\"\",\"camera\":\"\",\"caption\":\"\",\"created_timestamp\":\"0\",\"copyright\":\"\",\"focal_length\":\"0\",\"iso\":\"0\",\"shutter_speed\":\"0\",\"title\":\"\",\"orientation\":1,\"keywords\":[]},\"meta\":false,\"postlink\":\"https:\/\/orgueil82.jvillain.fr\/?attachment_id=1538\"},{\"id\":1526,\"title\":\"111-1185_IMG\",\"url\":\"https:\/\/orgueil82.jvillain.fr\/wp-content\/uploads\/2002\/F\u00eate_fin_ann\u00e9e_\u00e9cole_2001-2002\/111-1185_IMG.jpg\",\"link\":\"https:\/\/orgueil82.jvillain.fr\/?attachment_id=1526\",\"alt\":\"\",\"description\":\"\",\"caption\":\"arr\u00eat sur un viaduc pour la photo\",\"mime\":\"image\/jpeg\",\"type\":\"image\",\"width\":1024,\"height\":768,\"sizes\":{\"thumbnail\":{\"height\":150,\"width\":150,\"url\":\"https:\/\/orgueil82.jvillain.fr\/wp-content\/uploads\/2002\/F\u00eate_fin_ann\u00e9e_\u00e9cole_2001-2002\/111-1185_IMG-150x150.jpg\",\"orientation\":\"landscape\"},\"medium\":{\"height\":225,\"width\":300,\"url\":\"https:\/\/orgueil82.jvillain.fr\/wp-content\/uploads\/2002\/F\u00eate_fin_ann\u00e9e_\u00e9cole_2001-2002\/111-1185_IMG-300x225.jpg\",\"orientation\":\"landscape\"},\"full\":{\"url\":\"https:\/\/orgueil82.jvillain.fr\/wp-content\/uploads\/2002\/F\u00eate_fin_ann\u00e9e_\u00e9cole_2001-2002\/111-1185_IMG.jpg\",\"height\":768,\"width\":1024,\"orientation\":\"landscape\"}},\"imageMeta\":{\"aperture\":\"5.6\",\"credit\":\"\",\"camera\":\"Canon PowerShot S20\",\"caption\":\"\",\"created_timestamp\":\"1024137661\",\"copyright\":\"\",\"focal_length\":\"13\",\"iso\":\"0\",\"shutter_speed\":\"0.008\",\"title\":\"\",\"orientation\":\"1\",\"keywords\":[]},\"meta\":false,\"postlink\":\"https:\/\/orgueil82.jvillain.fr\/?attachment_id=1526\"},{\"id\":1523,\"title\":\"111-1186_IMG\",\"url\":\"https:\/\/orgueil82.jvillain.fr\/wp-content\/uploads\/2002\/F\u00eate_fin_ann\u00e9e_\u00e9cole_2001-2002\/111-1186_IMG.jpg\",\"link\":\"https:\/\/orgueil82.jvillain.fr\/?attachment_id=1523\",\"alt\":\"\",\"description\":\"\",\"caption\":\"PTO - arr\u00eat sur un viaduc pour la photo\",\"mime\":\"image\/jpeg\",\"type\":\"image\",\"width\":1024,\"height\":768,\"sizes\":{\"thumbnail\":{\"height\":150,\"width\":150,\"url\":\"https:\/\/orgueil82.jvillain.fr\/wp-content\/uploads\/2002\/F\u00eate_fin_ann\u00e9e_\u00e9cole_2001-2002\/111-1186_IMG-150x150.jpg\",\"orientation\":\"landscape\"},\"medium\":{\"height\":225,\"width\":300,\"url\":\"https:\/\/orgueil82.jvillain.fr\/wp-content\/uploads\/2002\/F\u00eate_fin_ann\u00e9e_\u00e9cole_2001-2002\/111-1186_IMG-300x225.jpg\",\"orientation\":\"landscape\"},\"full\":{\"url\":\"https:\/\/orgueil82.jvillain.fr\/wp-content\/uploads\/2002\/F\u00eate_fin_ann\u00e9e_\u00e9cole_2001-2002\/111-1186_IMG.jpg\",\"height\":768,\"width\":1024,\"orientation\":\"landscape\"}},\"imageMeta\":{\"aperture\":\"5.6\",\"credit\":\"\",\"camera\":\"Canon PowerShot S20\",\"caption\":\"\",\"created_timestamp\":\"1024137674\",\"copyright\":\"\",\"focal_length\":\"8.71875\",\"iso\":\"0\",\"shutter_speed\":\"0.0055555555555556\",\"title\":\"\",\"orientation\":\"1\",\"keywords\":[]},\"meta\":false,\"postlink\":\"https:\/\/orgueil82.jvillain.fr\/?attachment_id=1523\"},{\"id\":1540,\"title\":\"IM000003\",\"url\":\"https:\/\/orgueil82.jvillain.fr\/wp-content\/uploads\/2002\/F\u00eate_fin_ann\u00e9e_\u00e9cole_2001-2002\/IM000003-scaled.jpg\",\"link\":\"https:\/\/orgueil82.jvillain.fr\/?attachment_id=1540\",\"alt\":\"\",\"description\":\"\",\"caption\":\"PTO - grandes discussions entre m\u00e9caniciens\",\"mime\":\"image\/jpeg\",\"type\":\"image\",\"width\":2560,\"height\":1736,\"sizes\":{\"thumbnail\":{\"height\":150,\"width\":150,\"url\":\"https:\/\/orgueil82.jvillain.fr\/wp-content\/uploads\/2002\/F\u00eate_fin_ann\u00e9e_\u00e9cole_2001-2002\/IM000003-150x150.jpg\",\"orientation\":\"landscape\"},\"medium\":{\"height\":203,\"width\":300,\"url\":\"https:\/\/orgueil82.jvillain.fr\/wp-content\/uploads\/2002\/F\u00eate_fin_ann\u00e9e_\u00e9cole_2001-2002\/IM000003-300x203.jpg\",\"orientation\":\"landscape\"},\"large\":{\"height\":1389,\"width\":2048,\"url\":\"https:\/\/orgueil82.jvillain.fr\/wp-content\/uploads\/2002\/F\u00eate_fin_ann\u00e9e_\u00e9cole_2001-2002\/IM000003-2048x1389.jpg\",\"orientation\":\"landscape\"},\"full\":{\"url\":\"https:\/\/orgueil82.jvillain.fr\/wp-content\/uploads\/2002\/F\u00eate_fin_ann\u00e9e_\u00e9cole_2001-2002\/IM000003-scaled.jpg\",\"height\":1736,\"width\":2560,\"orientation\":\"landscape\"}},\"imageMeta\":{\"aperture\":\"0\",\"credit\":\"\",\"camera\":\"\",\"caption\":\"\",\"created_timestamp\":\"0\",\"copyright\":\"\",\"focal_length\":\"0\",\"iso\":\"0\",\"shutter_speed\":\"0\",\"title\":\"\",\"orientation\":\"0\",\"keywords\":[]},\"meta\":false,\"postlink\":\"https:\/\/orgueil82.jvillain.fr\/?attachment_id=1540\"},{\"id\":1539,\"title\":\"IM000002\",\"url\":\"https:\/\/orgueil82.jvillain.fr\/wp-content\/uploads\/2002\/F\u00eate_fin_ann\u00e9e_\u00e9cole_2001-2002\/IM000002-scaled.jpg\",\"link\":\"https:\/\/orgueil82.jvillain.fr\/?attachment_id=1539\",\"alt\":\"\",\"description\":\"\",\"caption\":\"PTO - en route vers l'aventure\",\"mime\":\"image\/jpeg\",\"type\":\"image\",\"width\":1736,\"height\":2560,\"sizes\":{\"thumbnail\":{\"height\":150,\"width\":150,\"url\":\"https:\/\/orgueil82.jvillain.fr\/wp-content\/uploads\/2002\/F\u00eate_fin_ann\u00e9e_\u00e9cole_2001-2002\/IM000002-150x150.jpg\",\"orientation\":\"landscape\"},\"medium\":{\"height\":300,\"width\":203,\"url\":\"https:\/\/orgueil82.jvillain.fr\/wp-content\/uploads\/2002\/F\u00eate_fin_ann\u00e9e_\u00e9cole_2001-2002\/IM000002-203x300.jpg\",\"orientation\":\"portrait\"},\"large\":{\"height\":2048,\"width\":1389,\"url\":\"https:\/\/orgueil82.jvillain.fr\/wp-content\/uploads\/2002\/F\u00eate_fin_ann\u00e9e_\u00e9cole_2001-2002\/IM000002-1389x2048.jpg\",\"orientation\":\"portrait\"},\"full\":{\"url\":\"https:\/\/orgueil82.jvillain.fr\/wp-content\/uploads\/2002\/F\u00eate_fin_ann\u00e9e_\u00e9cole_2001-2002\/IM000002-scaled.jpg\",\"height\":2560,\"width\":1736,\"orientation\":\"portrait\"}},\"imageMeta\":{\"aperture\":\"0\",\"credit\":\"\",\"camera\":\"\",\"caption\":\"\",\"created_timestamp\":\"0\",\"copyright\":\"\",\"focal_length\":\"0\",\"iso\":\"0\",\"shutter_speed\":\"0\",\"title\":\"\",\"orientation\":1,\"keywords\":[]},\"meta\":false,\"postlink\":\"https:\/\/orgueil82.jvillain.fr\/?attachment_id=1539\"},{\"id\":1545,\"title\":\"IM000004\",\"url\":\"https:\/\/orgueil82.jvillain.fr\/wp-content\/uploads\/2002\/F\u00eate_fin_ann\u00e9e_\u00e9cole_2001-2002\/IM000004-scaled.jpg\",\"link\":\"https:\/\/orgueil82.jvillain.fr\/?attachment_id=1545\",\"alt\":\"\",\"description\":\"\",\"caption\":\"PTO - une \u00e9quipe vient de monter dans le train\",\"mime\":\"image\/jpeg\",\"type\":\"image\",\"width\":2560,\"height\":1736,\"sizes\":{\"thumbnail\":{\"height\":150,\"width\":150,\"url\":\"https:\/\/orgueil82.jvillain.fr\/wp-content\/uploads\/2002\/F\u00eate_fin_ann\u00e9e_\u00e9cole_2001-2002\/IM000004-150x150.jpg\",\"orientation\":\"landscape\"},\"medium\":{\"height\":203,\"width\":300,\"url\":\"https:\/\/orgueil82.jvillain.fr\/wp-content\/uploads\/2002\/F\u00eate_fin_ann\u00e9e_\u00e9cole_2001-2002\/IM000004-300x203.jpg\",\"orientation\":\"landscape\"},\"large\":{\"height\":1389,\"width\":2048,\"url\":\"https:\/\/orgueil82.jvillain.fr\/wp-content\/uploads\/2002\/F\u00eate_fin_ann\u00e9e_\u00e9cole_2001-2002\/IM000004-2048x1389.jpg\",\"orientation\":\"landscape\"},\"full\":{\"url\":\"https:\/\/orgueil82.jvillain.fr\/wp-content\/uploads\/2002\/F\u00eate_fin_ann\u00e9e_\u00e9cole_2001-2002\/IM000004-scaled.jpg\",\"height\":1736,\"width\":2560,\"orientation\":\"landscape\"}},\"imageMeta\":{\"aperture\":\"0\",\"credit\":\"\",\"camera\":\"\",\"caption\":\"\",\"created_timestamp\":\"0\",\"copyright\":\"\",\"focal_length\":\"0\",\"iso\":\"0\",\"shutter_speed\":\"0\",\"title\":\"\",\"orientation\":\"0\",\"keywords\":[]},\"meta\":false,\"postlink\":\"https:\/\/orgueil82.jvillain.fr\/?attachment_id=1545\"},{\"id\":1543,\"title\":\"IM000005\",\"url\":\"https:\/\/orgueil82.jvillain.fr\/wp-content\/uploads\/2002\/F\u00eate_fin_ann\u00e9e_\u00e9cole_2001-2002\/IM000005-scaled.jpg\",\"link\":\"https:\/\/orgueil82.jvillain.fr\/?attachment_id=1543\",\"alt\":\"\",\"description\":\"\",\"caption\":\"PTO - une \u00e9quipe avec Jean-Claude\",\"mime\":\"image\/jpeg\",\"type\":\"image\",\"width\":2560,\"height\":1736,\"sizes\":{\"thumbnail\":{\"height\":150,\"width\":150,\"url\":\"https:\/\/orgueil82.jvillain.fr\/wp-content\/uploads\/2002\/F\u00eate_fin_ann\u00e9e_\u00e9cole_2001-2002\/IM000005-150x150.jpg\",\"orientation\":\"landscape\"},\"medium\":{\"height\":203,\"width\":300,\"url\":\"https:\/\/orgueil82.jvillain.fr\/wp-content\/uploads\/2002\/F\u00eate_fin_ann\u00e9e_\u00e9cole_2001-2002\/IM000005-300x203.jpg\",\"orientation\":\"landscape\"},\"large\":{\"height\":1389,\"width\":2048,\"url\":\"https:\/\/orgueil82.jvillain.fr\/wp-content\/uploads\/2002\/F\u00eate_fin_ann\u00e9e_\u00e9cole_2001-2002\/IM000005-2048x1389.jpg\",\"orientation\":\"landscape\"},\"full\":{\"url\":\"https:\/\/orgueil82.jvillain.fr\/wp-content\/uploads\/2002\/F\u00eate_fin_ann\u00e9e_\u00e9cole_2001-2002\/IM000005-scaled.jpg\",\"height\":1736,\"width\":2560,\"orientation\":\"landscape\"}},\"imageMeta\":{\"aperture\":\"0\",\"credit\":\"\",\"camera\":\"\",\"caption\":\"\",\"created_timestamp\":\"0\",\"copyright\":\"\",\"focal_length\":\"0\",\"iso\":\"0\",\"shutter_speed\":\"0\",\"title\":\"\",\"orientation\":\"0\",\"keywords\":[]},\"meta\":false,\"postlink\":\"https:\/\/orgueil82.jvillain.fr\/?attachment_id=1543\"},{\"id\":1541,\"title\":\"IM000006\",\"url\":\"https:\/\/orgueil82.jvillain.fr\/wp-content\/uploads\/2002\/F\u00eate_fin_ann\u00e9e_\u00e9cole_2001-2002\/IM000006-scaled.jpg\",\"link\":\"https:\/\/orgueil82.jvillain.fr\/?attachment_id=1541\",\"alt\":\"\",\"description\":\"\",\"caption\":\"PTO - une \u00e9quipe en attente pour monter dans le train\",\"mime\":\"image\/jpeg\",\"type\":\"image\",\"width\":2560,\"height\":1736,\"sizes\":{\"thumbnail\":{\"height\":150,\"width\":150,\"url\":\"https:\/\/orgueil82.jvillain.fr\/wp-content\/uploads\/2002\/F\u00eate_fin_ann\u00e9e_\u00e9cole_2001-2002\/IM000006-150x150.jpg\",\"orientation\":\"landscape\"},\"medium\":{\"height\":203,\"width\":300,\"url\":\"https:\/\/orgueil82.jvillain.fr\/wp-content\/uploads\/2002\/F\u00eate_fin_ann\u00e9e_\u00e9cole_2001-2002\/IM000006-300x203.jpg\",\"orientation\":\"landscape\"},\"large\":{\"height\":1389,\"width\":2048,\"url\":\"https:\/\/orgueil82.jvillain.fr\/wp-content\/uploads\/2002\/F\u00eate_fin_ann\u00e9e_\u00e9cole_2001-2002\/IM000006-2048x1389.jpg\",\"orientation\":\"landscape\"},\"full\":{\"url\":\"https:\/\/orgueil82.jvillain.fr\/wp-content\/uploads\/2002\/F\u00eate_fin_ann\u00e9e_\u00e9cole_2001-2002\/IM000006-scaled.jpg\",\"height\":1736,\"width\":2560,\"orientation\":\"landscape\"}},\"imageMeta\":{\"aperture\":\"0\",\"credit\":\"\",\"camera\":\"\",\"caption\":\"\",\"created_timestamp\":\"0\",\"copyright\":\"\",\"focal_length\":\"0\",\"iso\":\"0\",\"shutter_speed\":\"0\",\"title\":\"\",\"orientation\":\"0\",\"keywords\":[]},\"meta\":false,\"postlink\":\"https:\/\/orgueil82.jvillain.fr\/?attachment_id=1541\"},{\"id\":1531,\"title\":\"111-1188_IMG\",\"url\":\"https:\/\/orgueil82.jvillain.fr\/wp-content\/uploads\/2002\/F\u00eate_fin_ann\u00e9e_\u00e9cole_2001-2002\/111-1188_IMG.jpg\",\"link\":\"https:\/\/orgueil82.jvillain.fr\/?attachment_id=1531\",\"alt\":\"\",\"description\":\"\",\"caption\":\"\",\"mime\":\"image\/jpeg\",\"type\":\"image\",\"width\":1024,\"height\":768,\"sizes\":{\"thumbnail\":{\"height\":150,\"width\":150,\"url\":\"https:\/\/orgueil82.jvillain.fr\/wp-content\/uploads\/2002\/F\u00eate_fin_ann\u00e9e_\u00e9cole_2001-2002\/111-1188_IMG-150x150.jpg\",\"orientation\":\"landscape\"},\"medium\":{\"height\":225,\"width\":300,\"url\":\"https:\/\/orgueil82.jvillain.fr\/wp-content\/uploads\/2002\/F\u00eate_fin_ann\u00e9e_\u00e9cole_2001-2002\/111-1188_IMG-300x225.jpg\",\"orientation\":\"landscape\"},\"full\":{\"url\":\"https:\/\/orgueil82.jvillain.fr\/wp-content\/uploads\/2002\/F\u00eate_fin_ann\u00e9e_\u00e9cole_2001-2002\/111-1188_IMG.jpg\",\"height\":768,\"width\":1024,\"orientation\":\"landscape\"}},\"imageMeta\":{\"aperture\":\"7.1\",\"credit\":\"\",\"camera\":\"Canon PowerShot S20\",\"caption\":\"\",\"created_timestamp\":\"1024141082\",\"copyright\":\"\",\"focal_length\":\"6.5\",\"iso\":\"0\",\"shutter_speed\":\"0.002\",\"title\":\"\",\"orientation\":\"1\",\"keywords\":[]},\"meta\":false,\"postlink\":\"https:\/\/orgueil82.jvillain.fr\/?attachment_id=1531\"},{\"id\":1535,\"title\":\"111-1187_IMG\",\"url\":\"https:\/\/orgueil82.jvillain.fr\/wp-content\/uploads\/2002\/F\u00eate_fin_ann\u00e9e_\u00e9cole_2001-2002\/111-1187_IMG.jpg\",\"link\":\"https:\/\/orgueil82.jvillain.fr\/?attachment_id=1535\",\"alt\":\"\",\"description\":\"\",\"caption\":\"PTO - une \u00e9quipe devant la cage aux oiseaux\",\"mime\":\"image\/jpeg\",\"type\":\"image\",\"width\":1024,\"height\":768,\"sizes\":{\"thumbnail\":{\"height\":150,\"width\":150,\"url\":\"https:\/\/orgueil82.jvillain.fr\/wp-content\/uploads\/2002\/F\u00eate_fin_ann\u00e9e_\u00e9cole_2001-2002\/111-1187_IMG-150x150.jpg\",\"orientation\":\"landscape\"},\"medium\":{\"height\":225,\"width\":300,\"url\":\"https:\/\/orgueil82.jvillain.fr\/wp-content\/uploads\/2002\/F\u00eate_fin_ann\u00e9e_\u00e9cole_2001-2002\/111-1187_IMG-300x225.jpg\",\"orientation\":\"landscape\"},\"full\":{\"url\":\"https:\/\/orgueil82.jvillain.fr\/wp-content\/uploads\/2002\/F\u00eate_fin_ann\u00e9e_\u00e9cole_2001-2002\/111-1187_IMG.jpg\",\"height\":768,\"width\":1024,\"orientation\":\"landscape\"}},\"imageMeta\":{\"aperture\":\"5.6\",\"credit\":\"\",\"camera\":\"Canon PowerShot S20\",\"caption\":\"\",\"created_timestamp\":\"1024141056\",\"copyright\":\"\",\"focal_length\":\"6.5\",\"iso\":\"0\",\"shutter_speed\":\"0.004\",\"title\":\"\",\"orientation\":\"1\",\"keywords\":[]},\"meta\":false,\"postlink\":\"https:\/\/orgueil82.jvillain.fr\/?attachment_id=1535\"},{\"id\":1536,\"title\":\"111-1190_IMG\",\"url\":\"https:\/\/orgueil82.jvillain.fr\/wp-content\/uploads\/2002\/F\u00eate_fin_ann\u00e9e_\u00e9cole_2001-2002\/111-1190_IMG.jpg\",\"link\":\"https:\/\/orgueil82.jvillain.fr\/?attachment_id=1536\",\"alt\":\"\",\"description\":\"\",\"caption\":\"PTO - une \u00e9quipe dans la gare\",\"mime\":\"image\/jpeg\",\"type\":\"image\",\"width\":1024,\"height\":768,\"sizes\":{\"thumbnail\":{\"height\":150,\"width\":150,\"url\":\"https:\/\/orgueil82.jvillain.fr\/wp-content\/uploads\/2002\/F\u00eate_fin_ann\u00e9e_\u00e9cole_2001-2002\/111-1190_IMG-150x150.jpg\",\"orientation\":\"landscape\"},\"medium\":{\"height\":225,\"width\":300,\"url\":\"https:\/\/orgueil82.jvillain.fr\/wp-content\/uploads\/2002\/F\u00eate_fin_ann\u00e9e_\u00e9cole_2001-2002\/111-1190_IMG-300x225.jpg\",\"orientation\":\"landscape\"},\"full\":{\"url\":\"https:\/\/orgueil82.jvillain.fr\/wp-content\/uploads\/2002\/F\u00eate_fin_ann\u00e9e_\u00e9cole_2001-2002\/111-1190_IMG.jpg\",\"height\":768,\"width\":1024,\"orientation\":\"landscape\"}},\"imageMeta\":{\"aperture\":\"6.3\",\"credit\":\"\",\"camera\":\"Canon PowerShot S20\",\"caption\":\"\",\"created_timestamp\":\"1024142549\",\"copyright\":\"\",\"focal_length\":\"6.5\",\"iso\":\"0\",\"shutter_speed\":\"0.002\",\"title\":\"\",\"orientation\":\"1\",\"keywords\":[]},\"meta\":false,\"postlink\":\"https:\/\/orgueil82.jvillain.fr\/?attachment_id=1536\"},{\"id\":1529,\"title\":\"111-1192_IMG\",\"url\":\"https:\/\/orgueil82.jvillain.fr\/wp-content\/uploads\/2002\/F\u00eate_fin_ann\u00e9e_\u00e9cole_2001-2002\/111-1192_IMG.jpg\",\"link\":\"https:\/\/orgueil82.jvillain.fr\/?attachment_id=1529\",\"alt\":\"\",\"description\":\"\",\"caption\":\"PTO - en route vers l'aventure\",\"mime\":\"image\/jpeg\",\"type\":\"image\",\"width\":1024,\"height\":768,\"sizes\":{\"thumbnail\":{\"height\":150,\"width\":150,\"url\":\"https:\/\/orgueil82.jvillain.fr\/wp-content\/uploads\/2002\/F\u00eate_fin_ann\u00e9e_\u00e9cole_2001-2002\/111-1192_IMG-150x150.jpg\",\"orientation\":\"landscape\"},\"medium\":{\"height\":225,\"width\":300,\"url\":\"https:\/\/orgueil82.jvillain.fr\/wp-content\/uploads\/2002\/F\u00eate_fin_ann\u00e9e_\u00e9cole_2001-2002\/111-1192_IMG-300x225.jpg\",\"orientation\":\"landscape\"},\"full\":{\"url\":\"https:\/\/orgueil82.jvillain.fr\/wp-content\/uploads\/2002\/F\u00eate_fin_ann\u00e9e_\u00e9cole_2001-2002\/111-1192_IMG.jpg\",\"height\":768,\"width\":1024,\"orientation\":\"landscape\"}},\"imageMeta\":{\"aperture\":\"7.1\",\"credit\":\"\",\"camera\":\"Canon PowerShot S20\",\"caption\":\"\",\"created_timestamp\":\"1024142555\",\"copyright\":\"\",\"focal_length\":\"6.5\",\"iso\":\"0\",\"shutter_speed\":\"0.002\",\"title\":\"\",\"orientation\":\"1\",\"keywords\":[]},\"meta\":false,\"postlink\":\"https:\/\/orgueil82.jvillain.fr\/?attachment_id=1529\"},{\"id\":1533,\"title\":\"111-1193_IMG\",\"url\":\"https:\/\/orgueil82.jvillain.fr\/wp-content\/uploads\/2002\/F\u00eate_fin_ann\u00e9e_\u00e9cole_2001-2002\/111-1193_IMG.jpg\",\"link\":\"https:\/\/orgueil82.jvillain.fr\/?attachment_id=1533\",\"alt\":\"\",\"description\":\"\",\"caption\":\"PTO - en route vers l'aventure\",\"mime\":\"image\/jpeg\",\"type\":\"image\",\"width\":1024,\"height\":768,\"sizes\":{\"thumbnail\":{\"height\":150,\"width\":150,\"url\":\"https:\/\/orgueil82.jvillain.fr\/wp-content\/uploads\/2002\/F\u00eate_fin_ann\u00e9e_\u00e9cole_2001-2002\/111-1193_IMG-150x150.jpg\",\"orientation\":\"landscape\"},\"medium\":{\"height\":225,\"width\":300,\"url\":\"https:\/\/orgueil82.jvillain.fr\/wp-content\/uploads\/2002\/F\u00eate_fin_ann\u00e9e_\u00e9cole_2001-2002\/111-1193_IMG-300x225.jpg\",\"orientation\":\"landscape\"},\"full\":{\"url\":\"https:\/\/orgueil82.jvillain.fr\/wp-content\/uploads\/2002\/F\u00eate_fin_ann\u00e9e_\u00e9cole_2001-2002\/111-1193_IMG.jpg\",\"height\":768,\"width\":1024,\"orientation\":\"landscape\"}},\"imageMeta\":{\"aperture\":\"5.6\",\"credit\":\"\",\"camera\":\"Canon PowerShot S20\",\"caption\":\"\",\"created_timestamp\":\"1024142563\",\"copyright\":\"\",\"focal_length\":\"13\",\"iso\":\"0\",\"shutter_speed\":\"0.002\",\"title\":\"\",\"orientation\":\"1\",\"keywords\":[]},\"meta\":false,\"postlink\":\"https:\/\/orgueil82.jvillain.fr\/?attachment_id=1533\"},{\"id\":1544,\"title\":\"IM000007\",\"url\":\"https:\/\/orgueil82.jvillain.fr\/wp-content\/uploads\/2002\/F\u00eate_fin_ann\u00e9e_\u00e9cole_2001-2002\/IM000007-scaled.jpg\",\"link\":\"https:\/\/orgueil82.jvillain.fr\/?attachment_id=1544\",\"alt\":\"\",\"description\":\"\",\"caption\":\"PTO - les m\u00e9caniciens posent devant la machine\",\"mime\":\"image\/jpeg\",\"type\":\"image\",\"width\":2560,\"height\":1736,\"sizes\":{\"thumbnail\":{\"height\":150,\"width\":150,\"url\":\"https:\/\/orgueil82.jvillain.fr\/wp-content\/uploads\/2002\/F\u00eate_fin_ann\u00e9e_\u00e9cole_2001-2002\/IM000007-150x150.jpg\",\"orientation\":\"landscape\"},\"medium\":{\"height\":203,\"width\":300,\"url\":\"https:\/\/orgueil82.jvillain.fr\/wp-content\/uploads\/2002\/F\u00eate_fin_ann\u00e9e_\u00e9cole_2001-2002\/IM000007-300x203.jpg\",\"orientation\":\"landscape\"},\"large\":{\"height\":1389,\"width\":2048,\"url\":\"https:\/\/orgueil82.jvillain.fr\/wp-content\/uploads\/2002\/F\u00eate_fin_ann\u00e9e_\u00e9cole_2001-2002\/IM000007-2048x1389.jpg\",\"orientation\":\"landscape\"},\"full\":{\"url\":\"https:\/\/orgueil82.jvillain.fr\/wp-content\/uploads\/2002\/F\u00eate_fin_ann\u00e9e_\u00e9cole_2001-2002\/IM000007-scaled.jpg\",\"height\":1736,\"width\":2560,\"orientation\":\"landscape\"}},\"imageMeta\":{\"aperture\":\"0\",\"credit\":\"\",\"camera\":\"\",\"caption\":\"\",\"created_timestamp\":\"0\",\"copyright\":\"\",\"focal_length\":\"0\",\"iso\":\"0\",\"shutter_speed\":\"0\",\"title\":\"\",\"orientation\":\"0\",\"keywords\":[]},\"meta\":false,\"postlink\":\"https:\/\/orgueil82.jvillain.fr\/?attachment_id=1544\"},{\"id\":1524,\"title\":\"111-1198_IMG\",\"url\":\"https:\/\/orgueil82.jvillain.fr\/wp-content\/uploads\/2002\/F\u00eate_fin_ann\u00e9e_\u00e9cole_2001-2002\/111-1198_IMG.jpg\",\"link\":\"https:\/\/orgueil82.jvillain.fr\/?attachment_id=1524\",\"alt\":\"\",\"description\":\"\",\"caption\":\"PTO - les professeurs font un tour de petit train\",\"mime\":\"image\/jpeg\",\"type\":\"image\",\"width\":768,\"height\":1024,\"sizes\":{\"thumbnail\":{\"height\":150,\"width\":150,\"url\":\"https:\/\/orgueil82.jvillain.fr\/wp-content\/uploads\/2002\/F\u00eate_fin_ann\u00e9e_\u00e9cole_2001-2002\/111-1198_IMG-150x150.jpg\",\"orientation\":\"landscape\"},\"medium\":{\"height\":300,\"width\":225,\"url\":\"https:\/\/orgueil82.jvillain.fr\/wp-content\/uploads\/2002\/F\u00eate_fin_ann\u00e9e_\u00e9cole_2001-2002\/111-1198_IMG-225x300.jpg\",\"orientation\":\"portrait\"},\"full\":{\"url\":\"https:\/\/orgueil82.jvillain.fr\/wp-content\/uploads\/2002\/F\u00eate_fin_ann\u00e9e_\u00e9cole_2001-2002\/111-1198_IMG.jpg\",\"height\":1024,\"width\":768,\"orientation\":\"portrait\"}},\"imageMeta\":{\"aperture\":\"0\",\"credit\":\"\",\"camera\":\"\",\"caption\":\"\",\"created_timestamp\":\"0\",\"copyright\":\"\",\"focal_length\":\"0\",\"iso\":\"0\",\"shutter_speed\":\"0\",\"title\":\"\",\"orientation\":\"0\",\"keywords\":[]},\"meta\":false,\"postlink\":\"https:\/\/orgueil82.jvillain.fr\/?attachment_id=1524\"},{\"id\":1525,\"title\":\"111-1194_IMG\",\"url\":\"https:\/\/orgueil82.jvillain.fr\/wp-content\/uploads\/2002\/F\u00eate_fin_ann\u00e9e_\u00e9cole_2001-2002\/111-1194_IMG.jpg\",\"link\":\"https:\/\/orgueil82.jvillain.fr\/?attachment_id=1525\",\"alt\":\"\",\"description\":\"\",\"caption\":\"PTO - le train avance dans la verdure\",\"mime\":\"image\/jpeg\",\"type\":\"image\",\"width\":768,\"height\":1024,\"sizes\":{\"thumbnail\":{\"height\":150,\"width\":150,\"url\":\"https:\/\/orgueil82.jvillain.fr\/wp-content\/uploads\/2002\/F\u00eate_fin_ann\u00e9e_\u00e9cole_2001-2002\/111-1194_IMG-150x150.jpg\",\"orientation\":\"landscape\"},\"medium\":{\"height\":300,\"width\":225,\"url\":\"https:\/\/orgueil82.jvillain.fr\/wp-content\/uploads\/2002\/F\u00eate_fin_ann\u00e9e_\u00e9cole_2001-2002\/111-1194_IMG-225x300.jpg\",\"orientation\":\"portrait\"},\"full\":{\"url\":\"https:\/\/orgueil82.jvillain.fr\/wp-content\/uploads\/2002\/F\u00eate_fin_ann\u00e9e_\u00e9cole_2001-2002\/111-1194_IMG.jpg\",\"height\":1024,\"width\":768,\"orientation\":\"portrait\"}},\"imageMeta\":{\"aperture\":\"0\",\"credit\":\"\",\"camera\":\"\",\"caption\":\"\",\"created_timestamp\":\"0\",\"copyright\":\"\",\"focal_length\":\"0\",\"iso\":\"0\",\"shutter_speed\":\"0\",\"title\":\"\",\"orientation\":\"0\",\"keywords\":[]},\"meta\":false,\"postlink\":\"https:\/\/orgueil82.jvillain.fr\/?attachment_id=1525\"},{\"id\":1534,\"title\":\"111-1195_IMG\",\"url\":\"https:\/\/orgueil82.jvillain.fr\/wp-content\/uploads\/2002\/F\u00eate_fin_ann\u00e9e_\u00e9cole_2001-2002\/111-1195_IMG.jpg\",\"link\":\"https:\/\/orgueil82.jvillain.fr\/?attachment_id=1534\",\"alt\":\"\",\"description\":\"\",\"caption\":\"PTO - le train avance dans la verdure\",\"mime\":\"image\/jpeg\",\"type\":\"image\",\"width\":768,\"height\":1024,\"sizes\":{\"thumbnail\":{\"height\":150,\"width\":150,\"url\":\"https:\/\/orgueil82.jvillain.fr\/wp-content\/uploads\/2002\/F\u00eate_fin_ann\u00e9e_\u00e9cole_2001-2002\/111-1195_IMG-150x150.jpg\",\"orientation\":\"landscape\"},\"medium\":{\"height\":300,\"width\":225,\"url\":\"https:\/\/orgueil82.jvillain.fr\/wp-content\/uploads\/2002\/F\u00eate_fin_ann\u00e9e_\u00e9cole_2001-2002\/111-1195_IMG-225x300.jpg\",\"orientation\":\"portrait\"},\"full\":{\"url\":\"https:\/\/orgueil82.jvillain.fr\/wp-content\/uploads\/2002\/F\u00eate_fin_ann\u00e9e_\u00e9cole_2001-2002\/111-1195_IMG.jpg\",\"height\":1024,\"width\":768,\"orientation\":\"portrait\"}},\"imageMeta\":{\"aperture\":\"0\",\"credit\":\"\",\"camera\":\"\",\"caption\":\"\",\"created_timestamp\":\"0\",\"copyright\":\"\",\"focal_length\":\"0\",\"iso\":\"0\",\"shutter_speed\":\"0\",\"title\":\"\",\"orientation\":\"0\",\"keywords\":[]},\"meta\":false,\"postlink\":\"https:\/\/orgueil82.jvillain.fr\/?attachment_id=1534\"},{\"id\":1532,\"title\":\"111-1196_IMG\",\"url\":\"https:\/\/orgueil82.jvillain.fr\/wp-content\/uploads\/2002\/F\u00eate_fin_ann\u00e9e_\u00e9cole_2001-2002\/111-1196_IMG.jpg\",\"link\":\"https:\/\/orgueil82.jvillain.fr\/?attachment_id=1532\",\"alt\":\"\",\"description\":\"\",\"caption\":\"PTO - les organisateurs ont craqu\u00e9\",\"mime\":\"image\/jpeg\",\"type\":\"image\",\"width\":768,\"height\":1024,\"sizes\":{\"thumbnail\":{\"height\":150,\"width\":150,\"url\":\"https:\/\/orgueil82.jvillain.fr\/wp-content\/uploads\/2002\/F\u00eate_fin_ann\u00e9e_\u00e9cole_2001-2002\/111-1196_IMG-150x150.jpg\",\"orientation\":\"landscape\"},\"medium\":{\"height\":300,\"width\":225,\"url\":\"https:\/\/orgueil82.jvillain.fr\/wp-content\/uploads\/2002\/F\u00eate_fin_ann\u00e9e_\u00e9cole_2001-2002\/111-1196_IMG-225x300.jpg\",\"orientation\":\"portrait\"},\"full\":{\"url\":\"https:\/\/orgueil82.jvillain.fr\/wp-content\/uploads\/2002\/F\u00eate_fin_ann\u00e9e_\u00e9cole_2001-2002\/111-1196_IMG.jpg\",\"height\":1024,\"width\":768,\"orientation\":\"portrait\"}},\"imageMeta\":{\"aperture\":\"0\",\"credit\":\"\",\"camera\":\"\",\"caption\":\"\",\"created_timestamp\":\"0\",\"copyright\":\"\",\"focal_length\":\"0\",\"iso\":\"0\",\"shutter_speed\":\"0\",\"title\":\"\",\"orientation\":\"0\",\"keywords\":[]},\"meta\":false,\"postlink\":\"https:\/\/orgueil82.jvillain.fr\/?attachment_id=1532\"},{\"id\":1528,\"title\":\"111-1197_IMG\",\"url\":\"https:\/\/orgueil82.jvillain.fr\/wp-content\/uploads\/2002\/F\u00eate_fin_ann\u00e9e_\u00e9cole_2001-2002\/111-1197_IMG.jpg\",\"link\":\"https:\/\/orgueil82.jvillain.fr\/?attachment_id=1528\",\"alt\":\"\",\"description\":\"\",\"caption\":\"PTO - les organisateurs ont craqu\u00e9\",\"mime\":\"image\/jpeg\",\"type\":\"image\",\"width\":768,\"height\":1024,\"sizes\":{\"thumbnail\":{\"height\":150,\"width\":150,\"url\":\"https:\/\/orgueil82.jvillain.fr\/wp-content\/uploads\/2002\/F\u00eate_fin_ann\u00e9e_\u00e9cole_2001-2002\/111-1197_IMG-150x150.jpg\",\"orientation\":\"landscape\"},\"medium\":{\"height\":300,\"width\":225,\"url\":\"https:\/\/orgueil82.jvillain.fr\/wp-content\/uploads\/2002\/F\u00eate_fin_ann\u00e9e_\u00e9cole_2001-2002\/111-1197_IMG-225x300.jpg\",\"orientation\":\"portrait\"},\"full\":{\"url\":\"https:\/\/orgueil82.jvillain.fr\/wp-content\/uploads\/2002\/F\u00eate_fin_ann\u00e9e_\u00e9cole_2001-2002\/111-1197_IMG.jpg\",\"height\":1024,\"width\":768,\"orientation\":\"portrait\"}},\"imageMeta\":{\"aperture\":\"0\",\"credit\":\"\",\"camera\":\"\",\"caption\":\"\",\"created_timestamp\":\"0\",\"copyright\":\"\",\"focal_length\":\"0\",\"iso\":\"0\",\"shutter_speed\":\"0\",\"title\":\"\",\"orientation\":\"0\",\"keywords\":[]},\"meta\":false,\"postlink\":\"https:\/\/orgueil82.jvillain.fr\/?attachment_id=1528\"},{\"id\":1537,\"title\":\"IM000008\",\"url\":\"https:\/\/orgueil82.jvillain.fr\/wp-content\/uploads\/2002\/F\u00eate_fin_ann\u00e9e_\u00e9cole_2001-2002\/IM000008-scaled.jpg\",\"link\":\"https:\/\/orgueil82.jvillain.fr\/?attachment_id=1537\",\"alt\":\"\",\"description\":\"\",\"caption\":\"Fin du rallye - 3 anciens du groupe DOREMI et Chantal entonnent l'hymne d'Orgueil\",\"mime\":\"image\/jpeg\",\"type\":\"image\",\"width\":2560,\"height\":1736,\"sizes\":{\"thumbnail\":{\"height\":150,\"width\":150,\"url\":\"https:\/\/orgueil82.jvillain.fr\/wp-content\/uploads\/2002\/F\u00eate_fin_ann\u00e9e_\u00e9cole_2001-2002\/IM000008-150x150.jpg\",\"orientation\":\"landscape\"},\"medium\":{\"height\":203,\"width\":300,\"url\":\"https:\/\/orgueil82.jvillain.fr\/wp-content\/uploads\/2002\/F\u00eate_fin_ann\u00e9e_\u00e9cole_2001-2002\/IM000008-300x203.jpg\",\"orientation\":\"landscape\"},\"large\":{\"height\":1389,\"width\":2048,\"url\":\"https:\/\/orgueil82.jvillain.fr\/wp-content\/uploads\/2002\/F\u00eate_fin_ann\u00e9e_\u00e9cole_2001-2002\/IM000008-2048x1389.jpg\",\"orientation\":\"landscape\"},\"full\":{\"url\":\"https:\/\/orgueil82.jvillain.fr\/wp-content\/uploads\/2002\/F\u00eate_fin_ann\u00e9e_\u00e9cole_2001-2002\/IM000008-scaled.jpg\",\"height\":1736,\"width\":2560,\"orientation\":\"landscape\"}},\"imageMeta\":{\"aperture\":\"0\",\"credit\":\"\",\"camera\":\"\",\"caption\":\"\",\"created_timestamp\":\"0\",\"copyright\":\"\",\"focal_length\":\"0\",\"iso\":\"0\",\"shutter_speed\":\"0\",\"title\":\"\",\"orientation\":\"0\",\"keywords\":[]},\"meta\":false,\"postlink\":\"https:\/\/orgueil82.jvillain.fr\/?attachment_id=1537\"}],\"sliderItemTitleFontSize\":10,\"sliderItemDescriptionEnable\":true,\"sliderItemDescriptionFontSize\":24,\"sliderItemDownload\":false,\"collectionColumns\":6,\"pageControllerThumbsRows\":4,\"itemsMetaDataCollection\":[]}<\/script><script>(function(){if(window.PGC_SGB && window.PGC_SGB.searcher){window.PGC_SGB.searcher.initBlocks()}})()<\/script><\/div>","protected":false},"excerpt":{"rendered":"<p>Samedi 15 juin, que se passe t il? Il est 9h45 et la place devant la salle des f\u00eates est envahie par des enfants et leurs parents, 50 personnes d&rsquo;apr\u00e8s la police, plus de 110 d&rsquo;apr\u00e8s la rumeur publique!Pourtant, le samedi n&rsquo;est pas jour d&rsquo;\u00e9cole! Approchons et \u00e9coutons ce que disent les enfants:Ah! C&rsquo;est la &#8230; <a title=\"Rallye des \u00e9coles juin 2002\" class=\"read-more\" href=\"https:\/\/orgueil82.jvillain.fr\/?p=1546\" aria-label=\"En savoir plus sur Rallye des \u00e9coles juin 2002\">Lire la suite<\/a><\/p>\n","protected":false},"author":1,"featured_media":0,"comment_status":"closed","ping_status":"closed","sticky":false,"template":"","format":"standard","meta":{"_eb_attr":"","pgc_sgb_lightbox_settings":"","footnotes":""},"categories":[22],"tags":[],"class_list":["post-1546","post","type-post","status-publish","format-standard","hentry","category-orgueil"],"yoast_head":"<!-- This site is optimized with the Yoast SEO plugin v27.5 - https:\/\/yoast.com\/product\/yoast-seo-wordpress\/ -->\n<title>Rallye des \u00e9coles juin 2002 - Histoire et historique du village d&#039;Orgueil<\/title>\n<meta name=\"robots\" content=\"index, follow, max-snippet:-1, max-image-preview:large, max-video-preview:-1\" \/>\n<link rel=\"canonical\" href=\"https:\/\/orgueil82.jvillain.fr\/?p=1546\" \/>\n<meta property=\"og:locale\" content=\"fr_FR\" \/>\n<meta property=\"og:type\" content=\"article\" \/>\n<meta property=\"og:title\" content=\"Rallye des \u00e9coles juin 2002 - Histoire et historique du village d&#039;Orgueil\" \/>\n<meta property=\"og:description\" content=\"Samedi 15 juin, que se passe t il? Il est 9h45 et la place devant la salle des f\u00eates est envahie par des enfants et leurs parents, 50 personnes d&rsquo;apr\u00e8s la police, plus de 110 d&rsquo;apr\u00e8s la rumeur publique!Pourtant, le samedi n&rsquo;est pas jour d&rsquo;\u00e9cole! Approchons et \u00e9coutons ce que disent les enfants:Ah! C&rsquo;est la ... Lire la suite\" \/>\n<meta property=\"og:url\" content=\"https:\/\/orgueil82.jvillain.fr\/?p=1546\" \/>\n<meta property=\"og:site_name\" content=\"Histoire et historique du village d&#039;Orgueil\" \/>\n<meta property=\"article:published_time\" content=\"2002-06-15T14:48:00+00:00\" \/>\n<meta property=\"article:modified_time\" content=\"2025-09-24T16:11:53+00:00\" \/>\n<meta name=\"author\" content=\"adminhisto\" \/>\n<meta name=\"twitter:card\" content=\"summary_large_image\" \/>\n<meta name=\"twitter:label1\" content=\"\u00c9crit par\" \/>\n\t<meta name=\"twitter:data1\" content=\"adminhisto\" \/>\n\t<meta name=\"twitter:label2\" content=\"Dur\u00e9e de lecture estim\u00e9e\" \/>\n\t<meta name=\"twitter:data2\" content=\"7 minutes\" \/>\n<script type=\"application\/ld+json\" class=\"yoast-schema-graph\">{\"@context\":\"https:\\\/\\\/schema.org\",\"@graph\":[{\"@type\":\"Article\",\"@id\":\"https:\\\/\\\/orgueil82.jvillain.fr\\\/?p=1546#article\",\"isPartOf\":{\"@id\":\"https:\\\/\\\/orgueil82.jvillain.fr\\\/?p=1546\"},\"author\":{\"name\":\"adminhisto\",\"@id\":\"https:\\\/\\\/orgueil82.jvillain.fr\\\/#\\\/schema\\\/person\\\/53b110b4feb20f9ca1e2fd24833b0d2c\"},\"headline\":\"Rallye des \u00e9coles juin 2002\",\"datePublished\":\"2002-06-15T14:48:00+00:00\",\"dateModified\":\"2025-09-24T16:11:53+00:00\",\"mainEntityOfPage\":{\"@id\":\"https:\\\/\\\/orgueil82.jvillain.fr\\\/?p=1546\"},\"wordCount\":589,\"publisher\":{\"@id\":\"https:\\\/\\\/orgueil82.jvillain.fr\\\/#organization\"},\"articleSection\":[\"Orgueil\"],\"inLanguage\":\"fr-FR\"},{\"@type\":\"WebPage\",\"@id\":\"https:\\\/\\\/orgueil82.jvillain.fr\\\/?p=1546\",\"url\":\"https:\\\/\\\/orgueil82.jvillain.fr\\\/?p=1546\",\"name\":\"Rallye des \u00e9coles juin 2002 - Histoire et historique du village d&#039;Orgueil\",\"isPartOf\":{\"@id\":\"https:\\\/\\\/orgueil82.jvillain.fr\\\/#website\"},\"datePublished\":\"2002-06-15T14:48:00+00:00\",\"dateModified\":\"2025-09-24T16:11:53+00:00\",\"breadcrumb\":{\"@id\":\"https:\\\/\\\/orgueil82.jvillain.fr\\\/?p=1546#breadcrumb\"},\"inLanguage\":\"fr-FR\",\"potentialAction\":[{\"@type\":\"ReadAction\",\"target\":[\"https:\\\/\\\/orgueil82.jvillain.fr\\\/?p=1546\"]}]},{\"@type\":\"BreadcrumbList\",\"@id\":\"https:\\\/\\\/orgueil82.jvillain.fr\\\/?p=1546#breadcrumb\",\"itemListElement\":[{\"@type\":\"ListItem\",\"position\":1,\"name\":\"Home\",\"item\":\"https:\\\/\\\/orgueil82.jvillain.fr\\\/\"},{\"@type\":\"ListItem\",\"position\":2,\"name\":\"Rallye des \u00e9coles juin 2002\"}]},{\"@type\":\"WebSite\",\"@id\":\"https:\\\/\\\/orgueil82.jvillain.fr\\\/#website\",\"url\":\"https:\\\/\\\/orgueil82.jvillain.fr\\\/\",\"name\":\"Histoire et historique du village d'Orgueil\",\"description\":\"Vivre \u00e0 Orgueil - Tarn-et-Garonne\",\"publisher\":{\"@id\":\"https:\\\/\\\/orgueil82.jvillain.fr\\\/#organization\"},\"potentialAction\":[{\"@type\":\"SearchAction\",\"target\":{\"@type\":\"EntryPoint\",\"urlTemplate\":\"https:\\\/\\\/orgueil82.jvillain.fr\\\/?s={search_term_string}\"},\"query-input\":{\"@type\":\"PropertyValueSpecification\",\"valueRequired\":true,\"valueName\":\"search_term_string\"}}],\"inLanguage\":\"fr-FR\"},{\"@type\":\"Organization\",\"@id\":\"https:\\\/\\\/orgueil82.jvillain.fr\\\/#organization\",\"name\":\"Histoire et historique du village d'Orgueil\",\"url\":\"https:\\\/\\\/orgueil82.jvillain.fr\\\/\",\"logo\":{\"@type\":\"ImageObject\",\"inLanguage\":\"fr-FR\",\"@id\":\"https:\\\/\\\/orgueil82.jvillain.fr\\\/#\\\/schema\\\/logo\\\/image\\\/\",\"url\":\"https:\\\/\\\/orgueil82.jvillain.fr\\\/wp-content\\\/uploads\\\/Orgueil\\\/orgueil3.gif\",\"contentUrl\":\"https:\\\/\\\/orgueil82.jvillain.fr\\\/wp-content\\\/uploads\\\/Orgueil\\\/orgueil3.gif\",\"width\":93,\"height\":62,\"caption\":\"Histoire et historique du village d'Orgueil\"},\"image\":{\"@id\":\"https:\\\/\\\/orgueil82.jvillain.fr\\\/#\\\/schema\\\/logo\\\/image\\\/\"}},{\"@type\":\"Person\",\"@id\":\"https:\\\/\\\/orgueil82.jvillain.fr\\\/#\\\/schema\\\/person\\\/53b110b4feb20f9ca1e2fd24833b0d2c\",\"name\":\"adminhisto\",\"image\":{\"@type\":\"ImageObject\",\"inLanguage\":\"fr-FR\",\"@id\":\"https:\\\/\\\/secure.gravatar.com\\\/avatar\\\/f3823b8100a2c1c14fb4ef84e9796f5c5cc50e439868014f68c9a7e8eee53737?s=96&d=mm&r=g\",\"url\":\"https:\\\/\\\/secure.gravatar.com\\\/avatar\\\/f3823b8100a2c1c14fb4ef84e9796f5c5cc50e439868014f68c9a7e8eee53737?s=96&d=mm&r=g\",\"contentUrl\":\"https:\\\/\\\/secure.gravatar.com\\\/avatar\\\/f3823b8100a2c1c14fb4ef84e9796f5c5cc50e439868014f68c9a7e8eee53737?s=96&d=mm&r=g\",\"caption\":\"adminhisto\"},\"sameAs\":[\"https:\\\/\\\/orgueil82.jvillain.fr\"],\"url\":\"https:\\\/\\\/orgueil82.jvillain.fr\\\/?author=1\"}]}<\/script>\n<!-- \/ Yoast SEO plugin. -->","yoast_head_json":{"title":"Rallye des \u00e9coles juin 2002 - Histoire et historique du village d&#039;Orgueil","robots":{"index":"index","follow":"follow","max-snippet":"max-snippet:-1","max-image-preview":"max-image-preview:large","max-video-preview":"max-video-preview:-1"},"canonical":"https:\/\/orgueil82.jvillain.fr\/?p=1546","og_locale":"fr_FR","og_type":"article","og_title":"Rallye des \u00e9coles juin 2002 - Histoire et historique du village d&#039;Orgueil","og_description":"Samedi 15 juin, que se passe t il? Il est 9h45 et la place devant la salle des f\u00eates est envahie par des enfants et leurs parents, 50 personnes d&rsquo;apr\u00e8s la police, plus de 110 d&rsquo;apr\u00e8s la rumeur publique!Pourtant, le samedi n&rsquo;est pas jour d&rsquo;\u00e9cole! Approchons et \u00e9coutons ce que disent les enfants:Ah! C&rsquo;est la ... Lire la suite","og_url":"https:\/\/orgueil82.jvillain.fr\/?p=1546","og_site_name":"Histoire et historique du village d&#039;Orgueil","article_published_time":"2002-06-15T14:48:00+00:00","article_modified_time":"2025-09-24T16:11:53+00:00","author":"adminhisto","twitter_card":"summary_large_image","twitter_misc":{"\u00c9crit par":"adminhisto","Dur\u00e9e de lecture estim\u00e9e":"7 minutes"},"schema":{"@context":"https:\/\/schema.org","@graph":[{"@type":"Article","@id":"https:\/\/orgueil82.jvillain.fr\/?p=1546#article","isPartOf":{"@id":"https:\/\/orgueil82.jvillain.fr\/?p=1546"},"author":{"name":"adminhisto","@id":"https:\/\/orgueil82.jvillain.fr\/#\/schema\/person\/53b110b4feb20f9ca1e2fd24833b0d2c"},"headline":"Rallye des \u00e9coles juin 2002","datePublished":"2002-06-15T14:48:00+00:00","dateModified":"2025-09-24T16:11:53+00:00","mainEntityOfPage":{"@id":"https:\/\/orgueil82.jvillain.fr\/?p=1546"},"wordCount":589,"publisher":{"@id":"https:\/\/orgueil82.jvillain.fr\/#organization"},"articleSection":["Orgueil"],"inLanguage":"fr-FR"},{"@type":"WebPage","@id":"https:\/\/orgueil82.jvillain.fr\/?p=1546","url":"https:\/\/orgueil82.jvillain.fr\/?p=1546","name":"Rallye des \u00e9coles juin 2002 - Histoire et historique du village d&#039;Orgueil","isPartOf":{"@id":"https:\/\/orgueil82.jvillain.fr\/#website"},"datePublished":"2002-06-15T14:48:00+00:00","dateModified":"2025-09-24T16:11:53+00:00","breadcrumb":{"@id":"https:\/\/orgueil82.jvillain.fr\/?p=1546#breadcrumb"},"inLanguage":"fr-FR","potentialAction":[{"@type":"ReadAction","target":["https:\/\/orgueil82.jvillain.fr\/?p=1546"]}]},{"@type":"BreadcrumbList","@id":"https:\/\/orgueil82.jvillain.fr\/?p=1546#breadcrumb","itemListElement":[{"@type":"ListItem","position":1,"name":"Home","item":"https:\/\/orgueil82.jvillain.fr\/"},{"@type":"ListItem","position":2,"name":"Rallye des \u00e9coles juin 2002"}]},{"@type":"WebSite","@id":"https:\/\/orgueil82.jvillain.fr\/#website","url":"https:\/\/orgueil82.jvillain.fr\/","name":"Histoire et historique du village d'Orgueil","description":"Vivre \u00e0 Orgueil - Tarn-et-Garonne","publisher":{"@id":"https:\/\/orgueil82.jvillain.fr\/#organization"},"potentialAction":[{"@type":"SearchAction","target":{"@type":"EntryPoint","urlTemplate":"https:\/\/orgueil82.jvillain.fr\/?s={search_term_string}"},"query-input":{"@type":"PropertyValueSpecification","valueRequired":true,"valueName":"search_term_string"}}],"inLanguage":"fr-FR"},{"@type":"Organization","@id":"https:\/\/orgueil82.jvillain.fr\/#organization","name":"Histoire et historique du village d'Orgueil","url":"https:\/\/orgueil82.jvillain.fr\/","logo":{"@type":"ImageObject","inLanguage":"fr-FR","@id":"https:\/\/orgueil82.jvillain.fr\/#\/schema\/logo\/image\/","url":"https:\/\/orgueil82.jvillain.fr\/wp-content\/uploads\/Orgueil\/orgueil3.gif","contentUrl":"https:\/\/orgueil82.jvillain.fr\/wp-content\/uploads\/Orgueil\/orgueil3.gif","width":93,"height":62,"caption":"Histoire et historique du village d'Orgueil"},"image":{"@id":"https:\/\/orgueil82.jvillain.fr\/#\/schema\/logo\/image\/"}},{"@type":"Person","@id":"https:\/\/orgueil82.jvillain.fr\/#\/schema\/person\/53b110b4feb20f9ca1e2fd24833b0d2c","name":"adminhisto","image":{"@type":"ImageObject","inLanguage":"fr-FR","@id":"https:\/\/secure.gravatar.com\/avatar\/f3823b8100a2c1c14fb4ef84e9796f5c5cc50e439868014f68c9a7e8eee53737?s=96&d=mm&r=g","url":"https:\/\/secure.gravatar.com\/avatar\/f3823b8100a2c1c14fb4ef84e9796f5c5cc50e439868014f68c9a7e8eee53737?s=96&d=mm&r=g","contentUrl":"https:\/\/secure.gravatar.com\/avatar\/f3823b8100a2c1c14fb4ef84e9796f5c5cc50e439868014f68c9a7e8eee53737?s=96&d=mm&r=g","caption":"adminhisto"},"sameAs":["https:\/\/orgueil82.jvillain.fr"],"url":"https:\/\/orgueil82.jvillain.fr\/?author=1"}]}},"featured_image_src":null,"featured_image_src_square":null,"author_info":{"display_name":"adminhisto","author_link":"https:\/\/orgueil82.jvillain.fr\/?author=1"},"_links":{"self":[{"href":"https:\/\/orgueil82.jvillain.fr\/index.php?rest_route=\/wp\/v2\/posts\/1546","targetHints":{"allow":["GET"]}}],"collection":[{"href":"https:\/\/orgueil82.jvillain.fr\/index.php?rest_route=\/wp\/v2\/posts"}],"about":[{"href":"https:\/\/orgueil82.jvillain.fr\/index.php?rest_route=\/wp\/v2\/types\/post"}],"author":[{"embeddable":true,"href":"https:\/\/orgueil82.jvillain.fr\/index.php?rest_route=\/wp\/v2\/users\/1"}],"replies":[{"embeddable":true,"href":"https:\/\/orgueil82.jvillain.fr\/index.php?rest_route=%2Fwp%2Fv2%2Fcomments&post=1546"}],"version-history":[{"count":0,"href":"https:\/\/orgueil82.jvillain.fr\/index.php?rest_route=\/wp\/v2\/posts\/1546\/revisions"}],"wp:attachment":[{"href":"https:\/\/orgueil82.jvillain.fr\/index.php?rest_route=%2Fwp%2Fv2%2Fmedia&parent=1546"}],"wp:term":[{"taxonomy":"category","embeddable":true,"href":"https:\/\/orgueil82.jvillain.fr\/index.php?rest_route=%2Fwp%2Fv2%2Fcategories&post=1546"},{"taxonomy":"post_tag","embeddable":true,"href":"https:\/\/orgueil82.jvillain.fr\/index.php?rest_route=%2Fwp%2Fv2%2Ftags&post=1546"}],"curies":[{"name":"wp","href":"https:\/\/api.w.org\/{rel}","templated":true}]}}